{"id":1474,"date":"2024-10-29T18:35:00","date_gmt":"2024-10-29T18:35:00","guid":{"rendered":"https:\/\/www.dvg-lsa.de\/?p=1474"},"modified":"2024-10-30T23:46:52","modified_gmt":"2024-10-30T23:46:52","slug":"9-landesgewerkschaftstag-waehlt-neuen-landesvorstand-und-beschliesst-ueber-satzungsaenderung-und-weitere-antraege","status":"publish","type":"post","link":"https:\/\/www.dvg-lsa.de\/?p=1474","title":{"rendered":"9. Landesgewerkschaftstag w\u00e4hlt neuen Landesvorstand und beschlie\u00dft \u00fcber Satzungs\u00e4nderung und weitere Antr\u00e4ge"},"content":{"rendered":"\n<p>Die Delegierten haben einem Satzungs\u00e4nderungsantrag einstimmig zugestimmt, damit wurde die Satzung der DVG Sachsen-Anhalt e.V. nach den rechtlichen Vorgaben aktualisiert. Die Sitzungsperiode betr\u00e4gt zuk\u00fcnftig sechs Jahre, hierdurch sollen langfristige Aufgaben besser in einer Sitzungsperiode abgeschlossen werden k\u00f6nnen. <\/p>\n\n\n\n<p>In den Landesvorstand wurden gew\u00e4hlt:<\/p>\n\n\n\n<ul class=\"wp-block-list\">\n<li>Landesvorsitzender Ulrich Stock<\/li>\n\n\n\n<li>1. stellv. Landesvorsitzender Thomas L\u00f6we<\/li>\n\n\n\n<li>weiterer stellv. Landesvorsitzender Dr. Albert Engel<\/li>\n\n\n\n<li>weiterer stellv. Landesvorsitzender Daniel Zachow<\/li>\n<\/ul>\n\n\n\n<p>Dem Landesvorstand geh\u00f6ren weiter die Bezirksvorsitzenden Karl-Heinz-Bock (Dessau), Petra Waitz (Halle) und Doreen Hildebrandt (Magdeburg) an.<\/p>\n\n\n\n<p>Nach seiner Wiederwahl sagte Ulrich Stock &#8222;Ich freue mich mit dem Landesvorstand, dem Landeshauptvorstand und den Bezirken als das Herz der DVG Sachsen-Anhalt, weiter kraftvoll f\u00fcr die Interessen unserer Mitglieder einzutreten. Wir weiter konstruktiv im politischen Raum f\u00fcr unsere berechtigten Anliegen eintreten. Wer die Zweistufigkeit der Landesverwaltung in Frage stellt, wird auf unseren entschiedenen Widerstand treffen&#8220;.<\/p>\n\n\n\n<p>Elf Antr\u00e4ge wurden von den Delegierten beraten und entschieden.<\/p>\n\n\n\n<p>Grundsatzantr\u00e4ge wurden f\u00fcr das Dienstrecht und die Versorgung verabschiedet.<\/p>\n\n\n\n<p>Zum Dienstrecht wurden die Positionen festgestellt.<\/p>\n\n\n\n<p><em>Das Grundgesetz \u00fcbertr\u00e4gt mit dem Funktionsvorbehalt in Artikel 33 Abs. 4 Grundgesetz die Aus\u00fcbung hoheitlicher Befugnisse als st\u00e4ndige Aufgabe Angeh\u00f6rigen des \u00f6ffentlichen Dienstes, die als Beamtin oder Beamter in einem besonderen \u00f6ffentlich- rechtlichen Dienst- und Treueverh\u00e4ltnis stehen. Der Funktionsvorbehalt ist eine zentrale Bedingung und Bestandteil der Grunds\u00e4tze des Berufsbeamtentums. Hier gibt es kein beliebiges Ermessen oder tempor\u00e4re Zuordnungen nach Finanzlage. Der Funktionsvorbehalt strukturiert die M\u00f6glichkeiten und die Reichweite der politischen Gestaltung beim Einsatz des Personals zur staatlichen Aufgabenerf\u00fcllung und steht in einem unmittelbaren Zusammenhang mit der Dienstherrenf\u00e4higkeit und dem Recht, Beamtinnen und Beamte zu haben.<\/em><\/p>\n\n\n\n<ul class=\"wp-block-list\">\n<li><em>Leistungsgrundsatz, Lebenszeit- und Alimentationsprinzip strukturieren das Berufsbeamtentum und sichern seine Funktio<\/em>n<\/li>\n<\/ul>\n\n\n\n<ul class=\"wp-block-list\">\n<li><em>Leistungsgrundsatz, Lebenszeit- und Alimentationsprinzip mit Besoldung und Versorgung, F\u00fcrsorge und Beihilfe sind zentrale S\u00e4ulen und Legitimationsgrundlagen des gegenseitigen Rechte- und Pflichtenkataloges des Berufsbeamtentums.<\/em><\/li>\n<\/ul>\n\n\n\n<p>Die DVG sieht f\u00fcr die n\u00e4chsten Jahre im Beamtenversorgungsrecht  folgende Handlungsnotwendigkeiten:<\/p>\n\n\n\n<ul class=\"wp-block-list\">\n<li><em>Eine stabile Ausgestaltung der Alterssicherungssysteme erfordert stetige Anstrengungen, um zukunftsf\u00e4hige L\u00f6sungen zu entwickeln und auf den Weg zu bringen.<\/em><\/li>\n\n\n\n<li><em>Das rechtlich und strukturell eigenst\u00e4ndige Alterssicherungssystem ist im Bestand zu sichern sowie systemkonform und bundeseinheitlich weiterzuentwickeln.<\/em><\/li>\n\n\n\n<li><em>St\u00e4ndig wiederkehrende \u00dcberlegungen und Forderungen, die in Diversit\u00e4t bestehenden Altersversorgungssysteme in Deutschland zu einer Einheitsversicherung umzugestalten, sind getragen von der Absicht, die eigenst\u00e4ndige Beamtenversorgung zu beseitigen.<\/em><\/li>\n\n\n\n<li><em>Einen sinnbehafteten Fortschritt oder eine in der Gesamtbetrachtung finanzielle Vorteilhaftigkeit, enthalten solche \u00dcberlegungen und Begehrlichkeiten dabei jedoch nicht. Denn die Hoffnungen auf damit scheinbar verbundene Einnahmesteigerungen und Ausgabeneinsparungen sind nicht erf\u00fcllbar.<\/em><\/li>\n<\/ul>\n\n\n\n<p><em>Bild: Landesvorstand der DVG Sachsen-Anhalt e.V., Dr. Albert Engel, Thomas L\u00f6we, Doreen Hildebrandt, Ulrich Stock, Daniel Zachow, Petra Waitz, Karl-Heinz Bock<\/em> <em>(v.l.n.r)<\/em><\/p>\n\n\n\n<p><em>Bild: \u00a0John Schelletter. Bildrechte: DVG Sachsen-Anhalt e.V<\/em>. <\/p>\n","protected":false},"excerpt":{"rendered":"<p>Die Delegierten haben einem Satzungs\u00e4nderungsantrag einstimmig zugestimmt, damit wurde die Satzung der DVG Sachsen-Anhalt e.V. nach den rechtlichen Vorgaben aktualisiert. Die Sitzungsperiode betr\u00e4gt zuk\u00fcnftig sechs Jahre, hierdurch sollen langfristige Aufgaben besser in einer Sitzungsperiode abgeschlossen werden k\u00f6nnen. In den Landesvorstand wurden gew\u00e4hlt: Dem Landesvorstand geh\u00f6ren weiter die Bezirksvorsitzenden Karl-Heinz-Bock (Dessau), Petra Waitz (Halle) und Doreen &#8230; <a title=\"9. Landesgewerkschaftstag w\u00e4hlt neuen Landesvorstand und beschlie\u00dft \u00fcber Satzungs\u00e4nderung und weitere Antr\u00e4ge\" class=\"read-more\" href=\"https:\/\/www.dvg-lsa.de\/?p=1474\" aria-label=\"Mehr Informationen \u00fcber 9. Landesgewerkschaftstag w\u00e4hlt neuen Landesvorstand und beschlie\u00dft \u00fcber Satzungs\u00e4nderung und weitere Antr\u00e4ge\">Weiterlesen<\/a><\/p>\n","protected":false},"author":2,"featured_media":1475,"comment_status":"closed","ping_status":"closed","sticky":false,"template":"","format":"standard","meta":{"footnotes":""},"categories":[3],"tags":[],"class_list":["post-1474","post","type-post","status-publish","format-standard","has-post-thumbnail","hentry","category-neuigkeiten"],"_links":{"self":[{"href":"https:\/\/www.dvg-lsa.de\/index.php?rest_route=\/wp\/v2\/posts\/1474","targetHints":{"allow":["GET"]}}],"collection":[{"href":"https:\/\/www.dvg-lsa.de\/index.php?rest_route=\/wp\/v2\/posts"}],"about":[{"href":"https:\/\/www.dvg-lsa.de\/index.php?rest_route=\/wp\/v2\/types\/post"}],"author":[{"embeddable":true,"href":"https:\/\/www.dvg-lsa.de\/index.php?rest_route=\/wp\/v2\/users\/2"}],"replies":[{"embeddable":true,"href":"https:\/\/www.dvg-lsa.de\/index.php?rest_route=%2Fwp%2Fv2%2Fcomments&post=1474"}],"version-history":[{"count":2,"href":"https:\/\/www.dvg-lsa.de\/index.php?rest_route=\/wp\/v2\/posts\/1474\/revisions"}],"predecessor-version":[{"id":1499,"href":"https:\/\/www.dvg-lsa.de\/index.php?rest_route=\/wp\/v2\/posts\/1474\/revisions\/1499"}],"wp:featuredmedia":[{"embeddable":true,"href":"https:\/\/www.dvg-lsa.de\/index.php?rest_route=\/wp\/v2\/media\/1475"}],"wp:attachment":[{"href":"https:\/\/www.dvg-lsa.de\/index.php?rest_route=%2Fwp%2Fv2%2Fmedia&parent=1474"}],"wp:term":[{"taxonomy":"category","embeddable":true,"href":"https:\/\/www.dvg-lsa.de\/index.php?rest_route=%2Fwp%2Fv2%2Fcategories&post=1474"},{"taxonomy":"post_tag","embeddable":true,"href":"https:\/\/www.dvg-lsa.de\/index.php?rest_route=%2Fwp%2Fv2%2Ftags&post=1474"}],"curies":[{"name":"wp","href":"https:\/\/api.w.org\/{rel}","templated":true}]}}