{"id":1662,"date":"2025-03-03T13:15:16","date_gmt":"2025-03-03T13:15:16","guid":{"rendered":"https:\/\/www.dvg-lsa.de\/?p=1662"},"modified":"2025-03-03T13:15:17","modified_gmt":"2025-03-03T13:15:17","slug":"5-landesjugendtag","status":"publish","type":"post","link":"https:\/\/www.dvg-lsa.de\/?p=1662","title":{"rendered":"5. Landesjugendtag"},"content":{"rendered":"\n<p><\/p>\n\n\n\n<p>Am 9. Dezember 2024 fand der Landesjugendtag der Deutschen Verwaltungsgewerkschaft (DVG) statt \u2013 ein wichtiger Termin, der ganz im Zeichen der Weiterentwicklung und Zukunftsgestaltung unserer Jugendarbeit steht.<\/p>\n\n\n\n<p>Ein zentraler Programmpunkt dieses Tages war die Neuwahl der Landesjugendleitung. Hier haben wir die Chance genutzt, die zuk\u00fcnftige Ausrichtung der Landesjugendarbeit zu pr\u00e4gen und starke Pers\u00f6nlichkeiten in die Leitung zu w\u00e4hlen, die sich mit Engagement, Kreativit\u00e4t und Verantwortung f\u00fcr die Interessen unserer Jugend einsetzen werden.<\/p>\n\n\n\n<p>Zus\u00e4tzlich ist durch den Landesjugendtag eine Satzungs\u00e4nderung erzielt wurden, welche strukturelle \u00c4nderungen mit sich bringen. Wir haben neben der Landesjugendleitung auch eine \u201eLandesjugendversammlung\u201c bestehend aus 4 Mitgliedern gew\u00e4hlt.<\/p>\n\n\n\n<p>Unser Ziel ist es, euch regelm\u00e4\u00dfig mit spannenden Beitr\u00e4gen auf dem Laufenden zu halten. Diese werden neben der Homepage auf den sozialen Medien (Instagram unter &#8222;dvgjugendlsa&#8220; und auf Facebook unter &#8222;DVG Jugend Sachsen-Anhalt&#8220;) zu erreichen sein.<\/p>\n\n\n\n<p>Anbei ein paar Einblicke an unsere Landesjugendtag. <\/p>\n\n\n\n<figure class=\"wp-block-image size-large\"><img loading=\"lazy\" decoding=\"async\" width=\"768\" height=\"1024\" src=\"https:\/\/www.dvg-lsa.de\/wp-content\/uploads\/2025\/02\/image0-768x1024.jpeg\" alt=\"\" class=\"wp-image-1715\" srcset=\"https:\/\/www.dvg-lsa.de\/wp-content\/uploads\/2025\/02\/image0-768x1024.jpeg 768w, https:\/\/www.dvg-lsa.de\/wp-content\/uploads\/2025\/02\/image0-225x300.jpeg 225w, https:\/\/www.dvg-lsa.de\/wp-content\/uploads\/2025\/02\/image0-1152x1536.jpeg 1152w, https:\/\/www.dvg-lsa.de\/wp-content\/uploads\/2025\/02\/image0-rotated.jpeg 1158w\" sizes=\"auto, (max-width: 768px) 100vw, 768px\" \/><\/figure>\n\n\n\n<figure class=\"wp-block-image size-large\"><img loading=\"lazy\" decoding=\"async\" width=\"768\" height=\"1024\" src=\"https:\/\/www.dvg-lsa.de\/wp-content\/uploads\/2025\/02\/image2-768x1024.jpeg\" alt=\"\" class=\"wp-image-1717\" srcset=\"https:\/\/www.dvg-lsa.de\/wp-content\/uploads\/2025\/02\/image2-768x1024.jpeg 768w, https:\/\/www.dvg-lsa.de\/wp-content\/uploads\/2025\/02\/image2-225x300.jpeg 225w, https:\/\/www.dvg-lsa.de\/wp-content\/uploads\/2025\/02\/image2-1152x1536.jpeg 1152w, https:\/\/www.dvg-lsa.de\/wp-content\/uploads\/2025\/02\/image2-1536x2048.jpeg 1536w, https:\/\/www.dvg-lsa.de\/wp-content\/uploads\/2025\/02\/image2-scaled.jpeg 1920w\" sizes=\"auto, (max-width: 768px) 100vw, 768px\" \/><\/figure>\n\n\n\n<figure class=\"wp-block-image size-large\"><img loading=\"lazy\" decoding=\"async\" width=\"768\" height=\"1024\" src=\"https:\/\/www.dvg-lsa.de\/wp-content\/uploads\/2025\/02\/LJV-768x1024.jpeg\" alt=\"\" class=\"wp-image-1718\" srcset=\"https:\/\/www.dvg-lsa.de\/wp-content\/uploads\/2025\/02\/LJV-768x1024.jpeg 768w, https:\/\/www.dvg-lsa.de\/wp-content\/uploads\/2025\/02\/LJV-225x300.jpeg 225w, https:\/\/www.dvg-lsa.de\/wp-content\/uploads\/2025\/02\/LJV-1152x1536.jpeg 1152w, https:\/\/www.dvg-lsa.de\/wp-content\/uploads\/2025\/02\/LJV-1536x2048.jpeg 1536w, https:\/\/www.dvg-lsa.de\/wp-content\/uploads\/2025\/02\/LJV-scaled.jpeg 1920w\" sizes=\"auto, (max-width: 768px) 100vw, 768px\" \/><\/figure>\n\n\n\n<p>Unsere &#8222;neue&#8220; Landejugendversammlung. <\/p>\n\n\n\n<p>Fotos: dvg-JUGEND Sachsen-Anhalt, Bildrechte: dvg-JUGEND Sachsen-Anhalt und DVG Sachsen-Anhalt<\/p>\n","protected":false},"excerpt":{"rendered":"<p>Am 9. Dezember 2024 fand der Landesjugendtag der Deutschen Verwaltungsgewerkschaft (DVG) statt \u2013 ein wichtiger Termin, der ganz im Zeichen der Weiterentwicklung und Zukunftsgestaltung unserer Jugendarbeit steht. Ein zentraler Programmpunkt dieses Tages war die Neuwahl der Landesjugendleitung. Hier haben wir die Chance genutzt, die zuk\u00fcnftige Ausrichtung der Landesjugendarbeit zu pr\u00e4gen und starke Pers\u00f6nlichkeiten in die &#8230; <a title=\"5. Landesjugendtag\" class=\"read-more\" href=\"https:\/\/www.dvg-lsa.de\/?p=1662\" aria-label=\"Mehr Informationen \u00fcber 5. Landesjugendtag\">Weiterlesen<\/a><\/p>\n","protected":false},"author":32,"featured_media":0,"comment_status":"closed","ping_status":"closed","sticky":false,"template":"","format":"standard","meta":{"footnotes":""},"categories":[3],"tags":[],"class_list":["post-1662","post","type-post","status-publish","format-standard","hentry","category-neuigkeiten"],"_links":{"self":[{"href":"https:\/\/www.dvg-lsa.de\/index.php?rest_route=\/wp\/v2\/posts\/1662","targetHints":{"allow":["GET"]}}],"collection":[{"href":"https:\/\/www.dvg-lsa.de\/index.php?rest_route=\/wp\/v2\/posts"}],"about":[{"href":"https:\/\/www.dvg-lsa.de\/index.php?rest_route=\/wp\/v2\/types\/post"}],"author":[{"embeddable":true,"href":"https:\/\/www.dvg-lsa.de\/index.php?rest_route=\/wp\/v2\/users\/32"}],"replies":[{"embeddable":true,"href":"https:\/\/www.dvg-lsa.de\/index.php?rest_route=%2Fwp%2Fv2%2Fcomments&post=1662"}],"version-history":[{"count":6,"href":"https:\/\/www.dvg-lsa.de\/index.php?rest_route=\/wp\/v2\/posts\/1662\/revisions"}],"predecessor-version":[{"id":1726,"href":"https:\/\/www.dvg-lsa.de\/index.php?rest_route=\/wp\/v2\/posts\/1662\/revisions\/1726"}],"wp:attachment":[{"href":"https:\/\/www.dvg-lsa.de\/index.php?rest_route=%2Fwp%2Fv2%2Fmedia&parent=1662"}],"wp:term":[{"taxonomy":"category","embeddable":true,"href":"https:\/\/www.dvg-lsa.de\/index.php?rest_route=%2Fwp%2Fv2%2Fcategories&post=1662"},{"taxonomy":"post_tag","embeddable":true,"href":"https:\/\/www.dvg-lsa.de\/index.php?rest_route=%2Fwp%2Fv2%2Ftags&post=1662"}],"curies":[{"name":"wp","href":"https:\/\/api.w.org\/{rel}","templated":true}]}}