{"id":1752,"date":"2025-04-11T20:16:34","date_gmt":"2025-04-11T20:16:34","guid":{"rendered":"https:\/\/www.dvg-lsa.de\/?p=1752"},"modified":"2025-04-29T15:54:56","modified_gmt":"2025-04-29T15:54:56","slug":"die-dvg-laedt-zum-familientag","status":"publish","type":"post","link":"https:\/\/www.dvg-lsa.de\/?p=1752","title":{"rendered":"Die DVG l\u00e4dt zum Familientag"},"content":{"rendered":"\n<p>Liebe Mitglieder,<\/p>\n\n\n\n<p>der Bezirk Halle l\u00e4dt alle Mitglieder am 10.05.2025 ab 09:00 Uhr zum Familientag bei der Berufsfeuerwehr Halle ein.<\/p>\n\n\n\n<p> Bei Interesse bitte rechtzeitig anmelden.<\/p>\n\n\n\n<p>Wir freuen uns euch begr\u00fc\u00dfen zu d\u00fcrfen und einen sch\u00f6nen Tag mit euch zu verbringen.<\/p>\n\n\n\n<p><\/p>\n\n\n\n<p>Euer Landesvorstand<\/p>\n\n\n\n<figure class=\"wp-block-image size-large\"><img loading=\"lazy\" decoding=\"async\" width=\"626\" height=\"1024\" src=\"https:\/\/www.dvg-lsa.de\/wp-content\/uploads\/2025\/04\/Bildschirmfoto-2025-04-08-um-15.11.54-626x1024.png\" alt=\"\" class=\"wp-image-1755\" srcset=\"https:\/\/www.dvg-lsa.de\/wp-content\/uploads\/2025\/04\/Bildschirmfoto-2025-04-08-um-15.11.54-626x1024.png 626w, https:\/\/www.dvg-lsa.de\/wp-content\/uploads\/2025\/04\/Bildschirmfoto-2025-04-08-um-15.11.54-184x300.png 184w, https:\/\/www.dvg-lsa.de\/wp-content\/uploads\/2025\/04\/Bildschirmfoto-2025-04-08-um-15.11.54-768x1256.png 768w, https:\/\/www.dvg-lsa.de\/wp-content\/uploads\/2025\/04\/Bildschirmfoto-2025-04-08-um-15.11.54-940x1536.png 940w, https:\/\/www.dvg-lsa.de\/wp-content\/uploads\/2025\/04\/Bildschirmfoto-2025-04-08-um-15.11.54-1253x2048.png 1253w, https:\/\/www.dvg-lsa.de\/wp-content\/uploads\/2025\/04\/Bildschirmfoto-2025-04-08-um-15.11.54.png 1320w\" sizes=\"auto, (max-width: 626px) 100vw, 626px\" \/><\/figure>\n\n\n\n<p><\/p>\n","protected":false},"excerpt":{"rendered":"<p>Liebe Mitglieder, der Bezirk Halle l\u00e4dt alle Mitglieder am 10.05.2025 ab 09:00 Uhr zum Familientag bei der Berufsfeuerwehr Halle ein. Bei Interesse bitte rechtzeitig anmelden. Wir freuen uns euch begr\u00fc\u00dfen zu d\u00fcrfen und einen sch\u00f6nen Tag mit euch zu verbringen. Euer Landesvorstand<\/p>\n","protected":false},"author":18,"featured_media":1792,"comment_status":"closed","ping_status":"closed","sticky":false,"template":"","format":"standard","meta":{"footnotes":""},"categories":[3],"tags":[],"class_list":["post-1752","post","type-post","status-publish","format-standard","has-post-thumbnail","hentry","category-neuigkeiten"],"_links":{"self":[{"href":"https:\/\/www.dvg-lsa.de\/index.php?rest_route=\/wp\/v2\/posts\/1752","targetHints":{"allow":["GET"]}}],"collection":[{"href":"https:\/\/www.dvg-lsa.de\/index.php?rest_route=\/wp\/v2\/posts"}],"about":[{"href":"https:\/\/www.dvg-lsa.de\/index.php?rest_route=\/wp\/v2\/types\/post"}],"author":[{"embeddable":true,"href":"https:\/\/www.dvg-lsa.de\/index.php?rest_route=\/wp\/v2\/users\/18"}],"replies":[{"embeddable":true,"href":"https:\/\/www.dvg-lsa.de\/index.php?rest_route=%2Fwp%2Fv2%2Fcomments&post=1752"}],"version-history":[{"count":1,"href":"https:\/\/www.dvg-lsa.de\/index.php?rest_route=\/wp\/v2\/posts\/1752\/revisions"}],"predecessor-version":[{"id":1756,"href":"https:\/\/www.dvg-lsa.de\/index.php?rest_route=\/wp\/v2\/posts\/1752\/revisions\/1756"}],"wp:featuredmedia":[{"embeddable":true,"href":"https:\/\/www.dvg-lsa.de\/index.php?rest_route=\/wp\/v2\/media\/1792"}],"wp:attachment":[{"href":"https:\/\/www.dvg-lsa.de\/index.php?rest_route=%2Fwp%2Fv2%2Fmedia&parent=1752"}],"wp:term":[{"taxonomy":"category","embeddable":true,"href":"https:\/\/www.dvg-lsa.de\/index.php?rest_route=%2Fwp%2Fv2%2Fcategories&post=1752"},{"taxonomy":"post_tag","embeddable":true,"href":"https:\/\/www.dvg-lsa.de\/index.php?rest_route=%2Fwp%2Fv2%2Ftags&post=1752"}],"curies":[{"name":"wp","href":"https:\/\/api.w.org\/{rel}","templated":true}]}}