{"id":1767,"date":"2025-04-20T16:44:09","date_gmt":"2025-04-20T16:44:09","guid":{"rendered":"https:\/\/www.dvg-lsa.de\/?p=1767"},"modified":"2025-04-26T10:59:08","modified_gmt":"2025-04-26T10:59:08","slug":"frohe-ostern-und-dankeschoen","status":"publish","type":"post","link":"https:\/\/www.dvg-lsa.de\/?p=1767","title":{"rendered":"Frohe Ostern und Dankesch\u00f6n!"},"content":{"rendered":"\n<p>Mit einer kleinen Osteraktion \u00fcberraschte der Bezirk Halle die Kameradinnen und Kameraden der Berufsfeuerwehr Halle (Saale). Verbunden mit den besten W\u00fcnschen f\u00fcr ein frohes Osterfest war auch ein gro\u00dfes Dankesch\u00f6n, dass die Kameradinnen und Kameraden auf den Wachen an den Feiertagen f\u00fcr uns Dienst leisten und f\u00fcr unsere Sicherheit sorgen!  Und damit der Spa\u00df nicht zu kurz kommt, hat der Osterhase auch ein paar Dinge auf den Wachen versteckt. Nur ein Osterk\u00f6rbchen \u00fcberreichen w\u00e4re jetzt zu einfach gewesen&#8230;   \ud83d\ude09 <\/p>\n\n\n\n<figure class=\"wp-block-gallery has-nested-images columns-default is-cropped wp-block-gallery-1 is-layout-flex wp-block-gallery-is-layout-flex\">\n<figure class=\"wp-block-image size-large\"><img loading=\"lazy\" decoding=\"async\" width=\"768\" height=\"1024\" data-id=\"1773\" src=\"https:\/\/www.dvg-lsa.de\/wp-content\/uploads\/2025\/04\/3.-Wache-1-768x1024.jpg\" alt=\"\" class=\"wp-image-1773\" srcset=\"https:\/\/www.dvg-lsa.de\/wp-content\/uploads\/2025\/04\/3.-Wache-1-768x1024.jpg 768w, https:\/\/www.dvg-lsa.de\/wp-content\/uploads\/2025\/04\/3.-Wache-1-225x300.jpg 225w, https:\/\/www.dvg-lsa.de\/wp-content\/uploads\/2025\/04\/3.-Wache-1-1152x1536.jpg 1152w, https:\/\/www.dvg-lsa.de\/wp-content\/uploads\/2025\/04\/3.-Wache-1-1536x2048.jpg 1536w, https:\/\/www.dvg-lsa.de\/wp-content\/uploads\/2025\/04\/3.-Wache-1-scaled.jpg 1920w\" sizes=\"auto, (max-width: 768px) 100vw, 768px\" \/><\/figure>\n\n\n\n<figure class=\"wp-block-image size-large\"><img loading=\"lazy\" decoding=\"async\" width=\"768\" height=\"1024\" data-id=\"1769\" src=\"https:\/\/www.dvg-lsa.de\/wp-content\/uploads\/2025\/04\/Bueschdorf-Drehleiter-768x1024.jpg\" alt=\"\" class=\"wp-image-1769\" srcset=\"https:\/\/www.dvg-lsa.de\/wp-content\/uploads\/2025\/04\/Bueschdorf-Drehleiter-768x1024.jpg 768w, https:\/\/www.dvg-lsa.de\/wp-content\/uploads\/2025\/04\/Bueschdorf-Drehleiter-225x300.jpg 225w, https:\/\/www.dvg-lsa.de\/wp-content\/uploads\/2025\/04\/Bueschdorf-Drehleiter-1152x1536.jpg 1152w, https:\/\/www.dvg-lsa.de\/wp-content\/uploads\/2025\/04\/Bueschdorf-Drehleiter-1536x2048.jpg 1536w, https:\/\/www.dvg-lsa.de\/wp-content\/uploads\/2025\/04\/Bueschdorf-Drehleiter-scaled.jpg 1920w\" sizes=\"auto, (max-width: 768px) 100vw, 768px\" \/><\/figure>\n\n\n\n<figure class=\"wp-block-image size-large\"><img loading=\"lazy\" decoding=\"async\" width=\"768\" height=\"1024\" data-id=\"1774\" src=\"https:\/\/www.dvg-lsa.de\/wp-content\/uploads\/2025\/04\/Ei-im-Spiegel-768x1024.jpg\" alt=\"\" class=\"wp-image-1774\" srcset=\"https:\/\/www.dvg-lsa.de\/wp-content\/uploads\/2025\/04\/Ei-im-Spiegel-768x1024.jpg 768w, https:\/\/www.dvg-lsa.de\/wp-content\/uploads\/2025\/04\/Ei-im-Spiegel-225x300.jpg 225w, https:\/\/www.dvg-lsa.de\/wp-content\/uploads\/2025\/04\/Ei-im-Spiegel-1152x1536.jpg 1152w, https:\/\/www.dvg-lsa.de\/wp-content\/uploads\/2025\/04\/Ei-im-Spiegel-1536x2048.jpg 1536w, https:\/\/www.dvg-lsa.de\/wp-content\/uploads\/2025\/04\/Ei-im-Spiegel-scaled.jpg 1920w\" sizes=\"auto, (max-width: 768px) 100vw, 768px\" \/><\/figure>\n\n\n\n<figure class=\"wp-block-image size-large\"><img loading=\"lazy\" decoding=\"async\" width=\"768\" height=\"1024\" data-id=\"1771\" src=\"https:\/\/www.dvg-lsa.de\/wp-content\/uploads\/2025\/04\/Einstieg-FW-Auto-768x1024.jpg\" alt=\"\" class=\"wp-image-1771\" srcset=\"https:\/\/www.dvg-lsa.de\/wp-content\/uploads\/2025\/04\/Einstieg-FW-Auto-768x1024.jpg 768w, https:\/\/www.dvg-lsa.de\/wp-content\/uploads\/2025\/04\/Einstieg-FW-Auto-225x300.jpg 225w, https:\/\/www.dvg-lsa.de\/wp-content\/uploads\/2025\/04\/Einstieg-FW-Auto-1152x1536.jpg 1152w, https:\/\/www.dvg-lsa.de\/wp-content\/uploads\/2025\/04\/Einstieg-FW-Auto-1536x2048.jpg 1536w, https:\/\/www.dvg-lsa.de\/wp-content\/uploads\/2025\/04\/Einstieg-FW-Auto-scaled.jpg 1920w\" sizes=\"auto, (max-width: 768px) 100vw, 768px\" \/><\/figure>\n\n\n\n<figure class=\"wp-block-image size-large\"><img loading=\"lazy\" decoding=\"async\" width=\"768\" height=\"1024\" data-id=\"1772\" src=\"https:\/\/www.dvg-lsa.de\/wp-content\/uploads\/2025\/04\/Feuerloescher-768x1024.jpg\" alt=\"\" class=\"wp-image-1772\" srcset=\"https:\/\/www.dvg-lsa.de\/wp-content\/uploads\/2025\/04\/Feuerloescher-768x1024.jpg 768w, https:\/\/www.dvg-lsa.de\/wp-content\/uploads\/2025\/04\/Feuerloescher-225x300.jpg 225w, https:\/\/www.dvg-lsa.de\/wp-content\/uploads\/2025\/04\/Feuerloescher-1152x1536.jpg 1152w, https:\/\/www.dvg-lsa.de\/wp-content\/uploads\/2025\/04\/Feuerloescher-1536x2048.jpg 1536w, https:\/\/www.dvg-lsa.de\/wp-content\/uploads\/2025\/04\/Feuerloescher-scaled.jpg 1920w\" sizes=\"auto, (max-width: 768px) 100vw, 768px\" \/><\/figure>\n\n\n\n<figure class=\"wp-block-image size-large\"><img loading=\"lazy\" decoding=\"async\" width=\"768\" height=\"1024\" data-id=\"1770\" src=\"https:\/\/www.dvg-lsa.de\/wp-content\/uploads\/2025\/04\/Feuermelder-768x1024.jpg\" alt=\"\" class=\"wp-image-1770\" srcset=\"https:\/\/www.dvg-lsa.de\/wp-content\/uploads\/2025\/04\/Feuermelder-768x1024.jpg 768w, https:\/\/www.dvg-lsa.de\/wp-content\/uploads\/2025\/04\/Feuermelder-225x300.jpg 225w, https:\/\/www.dvg-lsa.de\/wp-content\/uploads\/2025\/04\/Feuermelder-1152x1536.jpg 1152w, https:\/\/www.dvg-lsa.de\/wp-content\/uploads\/2025\/04\/Feuermelder-1536x2048.jpg 1536w, https:\/\/www.dvg-lsa.de\/wp-content\/uploads\/2025\/04\/Feuermelder-scaled.jpg 1920w\" sizes=\"auto, (max-width: 768px) 100vw, 768px\" \/><\/figure>\n\n\n\n<figure class=\"wp-block-image size-large\"><img loading=\"lazy\" decoding=\"async\" width=\"768\" height=\"1024\" data-id=\"1775\" src=\"https:\/\/www.dvg-lsa.de\/wp-content\/uploads\/2025\/04\/Feuerwehrauto-Fahrzeughalle-768x1024.jpg\" alt=\"\" class=\"wp-image-1775\" srcset=\"https:\/\/www.dvg-lsa.de\/wp-content\/uploads\/2025\/04\/Feuerwehrauto-Fahrzeughalle-768x1024.jpg 768w, https:\/\/www.dvg-lsa.de\/wp-content\/uploads\/2025\/04\/Feuerwehrauto-Fahrzeughalle-225x300.jpg 225w, https:\/\/www.dvg-lsa.de\/wp-content\/uploads\/2025\/04\/Feuerwehrauto-Fahrzeughalle-1152x1536.jpg 1152w, https:\/\/www.dvg-lsa.de\/wp-content\/uploads\/2025\/04\/Feuerwehrauto-Fahrzeughalle-1536x2048.jpg 1536w, https:\/\/www.dvg-lsa.de\/wp-content\/uploads\/2025\/04\/Feuerwehrauto-Fahrzeughalle-scaled.jpg 1920w\" sizes=\"auto, (max-width: 768px) 100vw, 768px\" \/><\/figure>\n\n\n\n<figure class=\"wp-block-image size-large\"><img loading=\"lazy\" decoding=\"async\" width=\"768\" height=\"1024\" data-id=\"1776\" src=\"https:\/\/www.dvg-lsa.de\/wp-content\/uploads\/2025\/04\/ILS-768x1024.jpg\" alt=\"\" class=\"wp-image-1776\" srcset=\"https:\/\/www.dvg-lsa.de\/wp-content\/uploads\/2025\/04\/ILS-768x1024.jpg 768w, https:\/\/www.dvg-lsa.de\/wp-content\/uploads\/2025\/04\/ILS-225x300.jpg 225w, https:\/\/www.dvg-lsa.de\/wp-content\/uploads\/2025\/04\/ILS-1152x1536.jpg 1152w, https:\/\/www.dvg-lsa.de\/wp-content\/uploads\/2025\/04\/ILS-1536x2048.jpg 1536w, https:\/\/www.dvg-lsa.de\/wp-content\/uploads\/2025\/04\/ILS-scaled.jpg 1920w\" sizes=\"auto, (max-width: 768px) 100vw, 768px\" \/><\/figure>\n\n\n\n<figure class=\"wp-block-image size-large\"><img loading=\"lazy\" decoding=\"async\" width=\"768\" height=\"1024\" data-id=\"1778\" src=\"https:\/\/www.dvg-lsa.de\/wp-content\/uploads\/2025\/04\/Suedwache-Gemaelde-768x1024.jpg\" alt=\"\" class=\"wp-image-1778\" srcset=\"https:\/\/www.dvg-lsa.de\/wp-content\/uploads\/2025\/04\/Suedwache-Gemaelde-768x1024.jpg 768w, https:\/\/www.dvg-lsa.de\/wp-content\/uploads\/2025\/04\/Suedwache-Gemaelde-225x300.jpg 225w, https:\/\/www.dvg-lsa.de\/wp-content\/uploads\/2025\/04\/Suedwache-Gemaelde-1152x1536.jpg 1152w, https:\/\/www.dvg-lsa.de\/wp-content\/uploads\/2025\/04\/Suedwache-Gemaelde-1536x2048.jpg 1536w, https:\/\/www.dvg-lsa.de\/wp-content\/uploads\/2025\/04\/Suedwache-Gemaelde-scaled.jpg 1920w\" sizes=\"auto, (max-width: 768px) 100vw, 768px\" \/><\/figure>\n\n\n\n<figure class=\"wp-block-image size-large\"><img loading=\"lazy\" decoding=\"async\" width=\"768\" height=\"1024\" data-id=\"1777\" src=\"https:\/\/www.dvg-lsa.de\/wp-content\/uploads\/2025\/04\/Treppe-Suedwache-768x1024.jpg\" alt=\"\" class=\"wp-image-1777\" srcset=\"https:\/\/www.dvg-lsa.de\/wp-content\/uploads\/2025\/04\/Treppe-Suedwache-768x1024.jpg 768w, https:\/\/www.dvg-lsa.de\/wp-content\/uploads\/2025\/04\/Treppe-Suedwache-225x300.jpg 225w, https:\/\/www.dvg-lsa.de\/wp-content\/uploads\/2025\/04\/Treppe-Suedwache-1152x1536.jpg 1152w, https:\/\/www.dvg-lsa.de\/wp-content\/uploads\/2025\/04\/Treppe-Suedwache-1536x2048.jpg 1536w, https:\/\/www.dvg-lsa.de\/wp-content\/uploads\/2025\/04\/Treppe-Suedwache-scaled.jpg 1920w\" sizes=\"auto, (max-width: 768px) 100vw, 768px\" \/><\/figure>\n\n\n\n<figure class=\"wp-block-image size-large\"><img loading=\"lazy\" decoding=\"async\" width=\"768\" height=\"1024\" data-id=\"1779\" src=\"https:\/\/www.dvg-lsa.de\/wp-content\/uploads\/2025\/04\/Uebergabe-Frank-Herr-Riedel-768x1024.jpg\" alt=\"\" class=\"wp-image-1779\" srcset=\"https:\/\/www.dvg-lsa.de\/wp-content\/uploads\/2025\/04\/Uebergabe-Frank-Herr-Riedel-768x1024.jpg 768w, https:\/\/www.dvg-lsa.de\/wp-content\/uploads\/2025\/04\/Uebergabe-Frank-Herr-Riedel-225x300.jpg 225w, https:\/\/www.dvg-lsa.de\/wp-content\/uploads\/2025\/04\/Uebergabe-Frank-Herr-Riedel-1152x1536.jpg 1152w, https:\/\/www.dvg-lsa.de\/wp-content\/uploads\/2025\/04\/Uebergabe-Frank-Herr-Riedel-1536x2048.jpg 1536w, https:\/\/www.dvg-lsa.de\/wp-content\/uploads\/2025\/04\/Uebergabe-Frank-Herr-Riedel-scaled.jpg 1920w\" sizes=\"auto, (max-width: 768px) 100vw, 768px\" \/><\/figure>\n<\/figure>\n\n\n\n<p><em>Alle Bilder: \u00a0Franka Anne\u00a0Seifert. Bildrechte: DVG Sachsen-Anhalt e.V.<\/em><\/p>\n","protected":false},"excerpt":{"rendered":"<p>Mit einer kleinen Osteraktion \u00fcberraschte der Bezirk Halle die Kameradinnen und Kameraden der Berufsfeuerwehr Halle (Saale). <\/p>\n","protected":false},"author":19,"featured_media":1781,"comment_status":"closed","ping_status":"closed","sticky":false,"template":"","format":"standard","meta":{"footnotes":""},"categories":[3],"tags":[],"class_list":["post-1767","post","type-post","status-publish","format-standard","has-post-thumbnail","hentry","category-neuigkeiten"],"_links":{"self":[{"href":"https:\/\/www.dvg-lsa.de\/index.php?rest_route=\/wp\/v2\/posts\/1767","targetHints":{"allow":["GET"]}}],"collection":[{"href":"https:\/\/www.dvg-lsa.de\/index.php?rest_route=\/wp\/v2\/posts"}],"about":[{"href":"https:\/\/www.dvg-lsa.de\/index.php?rest_route=\/wp\/v2\/types\/post"}],"author":[{"embeddable":true,"href":"https:\/\/www.dvg-lsa.de\/index.php?rest_route=\/wp\/v2\/users\/19"}],"replies":[{"embeddable":true,"href":"https:\/\/www.dvg-lsa.de\/index.php?rest_route=%2Fwp%2Fv2%2Fcomments&post=1767"}],"version-history":[{"count":3,"href":"https:\/\/www.dvg-lsa.de\/index.php?rest_route=\/wp\/v2\/posts\/1767\/revisions"}],"predecessor-version":[{"id":1785,"href":"https:\/\/www.dvg-lsa.de\/index.php?rest_route=\/wp\/v2\/posts\/1767\/revisions\/1785"}],"wp:featuredmedia":[{"embeddable":true,"href":"https:\/\/www.dvg-lsa.de\/index.php?rest_route=\/wp\/v2\/media\/1781"}],"wp:attachment":[{"href":"https:\/\/www.dvg-lsa.de\/index.php?rest_route=%2Fwp%2Fv2%2Fmedia&parent=1767"}],"wp:term":[{"taxonomy":"category","embeddable":true,"href":"https:\/\/www.dvg-lsa.de\/index.php?rest_route=%2Fwp%2Fv2%2Fcategories&post=1767"},{"taxonomy":"post_tag","embeddable":true,"href":"https:\/\/www.dvg-lsa.de\/index.php?rest_route=%2Fwp%2Fv2%2Ftags&post=1767"}],"curies":[{"name":"wp","href":"https:\/\/api.w.org\/{rel}","templated":true}]}}