{"id":1788,"date":"2025-04-13T15:42:09","date_gmt":"2025-04-13T15:42:09","guid":{"rendered":"https:\/\/www.dvg-lsa.de\/?p=1788"},"modified":"2025-04-29T15:49:34","modified_gmt":"2025-04-29T15:49:34","slug":"bundeshauptvorstandsitzung-der-dvg-in-schwerin","status":"publish","type":"post","link":"https:\/\/www.dvg-lsa.de\/?p=1788","title":{"rendered":"Bundeshauptvorstandsitzung der DVG in Schwerin"},"content":{"rendered":"\n<p>Vom 11. bis 12. April 2025 tagte der Bundeshauptvorstand der DVG in Schwerin. Neben der Auswertung der Tarifverhandlungen zum TVoeD und weiteren tagesaktuellen Gewerkschaftsthemen, nahm der im n\u00e4chsten Jahr durchzuf\u00fchrende Bundesgewerkschaftstag der DVG breiten Raum in den lebhaften Diskussionen ein.<\/p>\n\n\n\n<p>F\u00fcr die DVG Sachsen-Anhalt ist der Bundesgewerkschaftstag insoweit von besonderer Bedeutung, da wir nach 30 Jahren wieder einmal Gastgeberland sind. Der Bundesvorstand hat sich das wundersch\u00f6ne Wernigerode als Tagungsort auserkoren. Sicherlich war es hilfreich, dass wir unsere Landesgewerkschaftstage dort bereits zweimal erfolgreich durchf\u00fchren konnten.<\/p>\n\n\n\n<p><\/p>\n","protected":false},"excerpt":{"rendered":"<p>Vom 11. bis 12. April 2025 tagte der Bundeshauptvorstand der DVG in Schwerin. Neben der Auswertung der Tarifverhandlungen zum TVoeD und weiteren tagesaktuellen Gewerkschaftsthemen, nahm der im n\u00e4chsten Jahr durchzuf\u00fchrende Bundesgewerkschaftstag der DVG breiten Raum in den lebhaften Diskussionen ein. F\u00fcr die DVG Sachsen-Anhalt ist der Bundesgewerkschaftstag insoweit von besonderer Bedeutung, da wir nach 30 &#8230; <a title=\"Bundeshauptvorstandsitzung der DVG in Schwerin\" class=\"read-more\" href=\"https:\/\/www.dvg-lsa.de\/?p=1788\" aria-label=\"Mehr Informationen \u00fcber Bundeshauptvorstandsitzung der DVG in Schwerin\">Weiterlesen<\/a><\/p>\n","protected":false},"author":3,"featured_media":1789,"comment_status":"closed","ping_status":"closed","sticky":false,"template":"","format":"standard","meta":{"footnotes":""},"categories":[3],"tags":[],"class_list":["post-1788","post","type-post","status-publish","format-standard","has-post-thumbnail","hentry","category-neuigkeiten"],"_links":{"self":[{"href":"https:\/\/www.dvg-lsa.de\/index.php?rest_route=\/wp\/v2\/posts\/1788","targetHints":{"allow":["GET"]}}],"collection":[{"href":"https:\/\/www.dvg-lsa.de\/index.php?rest_route=\/wp\/v2\/posts"}],"about":[{"href":"https:\/\/www.dvg-lsa.de\/index.php?rest_route=\/wp\/v2\/types\/post"}],"author":[{"embeddable":true,"href":"https:\/\/www.dvg-lsa.de\/index.php?rest_route=\/wp\/v2\/users\/3"}],"replies":[{"embeddable":true,"href":"https:\/\/www.dvg-lsa.de\/index.php?rest_route=%2Fwp%2Fv2%2Fcomments&post=1788"}],"version-history":[{"count":2,"href":"https:\/\/www.dvg-lsa.de\/index.php?rest_route=\/wp\/v2\/posts\/1788\/revisions"}],"predecessor-version":[{"id":1791,"href":"https:\/\/www.dvg-lsa.de\/index.php?rest_route=\/wp\/v2\/posts\/1788\/revisions\/1791"}],"wp:featuredmedia":[{"embeddable":true,"href":"https:\/\/www.dvg-lsa.de\/index.php?rest_route=\/wp\/v2\/media\/1789"}],"wp:attachment":[{"href":"https:\/\/www.dvg-lsa.de\/index.php?rest_route=%2Fwp%2Fv2%2Fmedia&parent=1788"}],"wp:term":[{"taxonomy":"category","embeddable":true,"href":"https:\/\/www.dvg-lsa.de\/index.php?rest_route=%2Fwp%2Fv2%2Fcategories&post=1788"},{"taxonomy":"post_tag","embeddable":true,"href":"https:\/\/www.dvg-lsa.de\/index.php?rest_route=%2Fwp%2Fv2%2Ftags&post=1788"}],"curies":[{"name":"wp","href":"https:\/\/api.w.org\/{rel}","templated":true}]}}