{"id":1806,"date":"2025-05-11T21:37:45","date_gmt":"2025-05-11T21:37:45","guid":{"rendered":"https:\/\/www.dvg-lsa.de\/?p=1806"},"modified":"2025-05-12T16:30:36","modified_gmt":"2025-05-12T16:30:36","slug":"ein-besuch-auf-der-hauptwache-der-berufsfeuerwehr-halle-saale-am-10-05-2025-ein-bericht-aus-dem-bezirk-halle","status":"publish","type":"post","link":"https:\/\/www.dvg-lsa.de\/?p=1806","title":{"rendered":"Ein Besuch auf der Hauptwache der Berufsfeuerwehr Halle (Saale) am 10.05.2025 &#8211; ein Bericht aus dem Bezirk Halle"},"content":{"rendered":"\n<h2 class=\"wp-block-heading\">Ein Tag mit der Familie und Freunden<\/h2>\n\n\n\n<p>Jeder, der sich ehrenamtlich engagiert, wei\u00df um die Wichtigkeit der Unterst\u00fctzung durch die Familie und Freunde. Gemeinsame Zeit ist kostbar. Deshalb hat der Bezirk Halle als Dankesch\u00f6n an unsere Familien und Freunde einen Vormittag auf der Hauptwache der Berufsfeuerwehr Halle (Saale) organisiert. Bedanken m\u00f6chten wir uns auch bei den Kolleginnen und Kollegen der 3. Wachabteilung der Hauptwache, die diesen Tag zu einem unvergesslichen Erlebnis werden lie\u00dfen.<\/p>\n\n\n\n<figure class=\"wp-block-gallery has-nested-images columns-default is-cropped wp-block-gallery-1 is-layout-flex wp-block-gallery-is-layout-flex\">\n<figure class=\"wp-block-image size-large\"><img loading=\"lazy\" decoding=\"async\" width=\"1024\" height=\"768\" data-id=\"1810\" src=\"https:\/\/www.dvg-lsa.de\/wp-content\/uploads\/2025\/05\/Familie-Anke-Heine-2-1024x768.jpg\" alt=\"\" class=\"wp-image-1810\" srcset=\"https:\/\/www.dvg-lsa.de\/wp-content\/uploads\/2025\/05\/Familie-Anke-Heine-2-1024x768.jpg 1024w, https:\/\/www.dvg-lsa.de\/wp-content\/uploads\/2025\/05\/Familie-Anke-Heine-2-300x225.jpg 300w, https:\/\/www.dvg-lsa.de\/wp-content\/uploads\/2025\/05\/Familie-Anke-Heine-2-768x576.jpg 768w, https:\/\/www.dvg-lsa.de\/wp-content\/uploads\/2025\/05\/Familie-Anke-Heine-2-1536x1152.jpg 1536w, https:\/\/www.dvg-lsa.de\/wp-content\/uploads\/2025\/05\/Familie-Anke-Heine-2-2048x1536.jpg 2048w\" sizes=\"auto, (max-width: 1024px) 100vw, 1024px\" \/><\/figure>\n\n\n\n<figure class=\"wp-block-image size-large\"><img loading=\"lazy\" decoding=\"async\" width=\"1024\" height=\"768\" data-id=\"1811\" src=\"https:\/\/www.dvg-lsa.de\/wp-content\/uploads\/2025\/05\/Feuerwehrfahrzeuge-1-1024x768.jpg\" alt=\"\" class=\"wp-image-1811\" srcset=\"https:\/\/www.dvg-lsa.de\/wp-content\/uploads\/2025\/05\/Feuerwehrfahrzeuge-1-1024x768.jpg 1024w, https:\/\/www.dvg-lsa.de\/wp-content\/uploads\/2025\/05\/Feuerwehrfahrzeuge-1-300x225.jpg 300w, https:\/\/www.dvg-lsa.de\/wp-content\/uploads\/2025\/05\/Feuerwehrfahrzeuge-1-768x576.jpg 768w, https:\/\/www.dvg-lsa.de\/wp-content\/uploads\/2025\/05\/Feuerwehrfahrzeuge-1-1536x1152.jpg 1536w, https:\/\/www.dvg-lsa.de\/wp-content\/uploads\/2025\/05\/Feuerwehrfahrzeuge-1.jpg 2000w\" sizes=\"auto, (max-width: 1024px) 100vw, 1024px\" \/><\/figure>\n<\/figure>\n\n\n\n<p>Nach einer kurzen Belehrung zum Verhalten im Objekt teilten wir uns in 4 Gruppen auf und besichtigten verschiedene Arbeitsbereiche der Berufsfeuerwehr. Einer davon war die Atemschutz-Trainingsstrecke. Was auf dem ersten Blick aussah, wie ein gro\u00dfer Abenteuerspielplatz, entpuppte sich f\u00fcr die Wagemutigen schnell als untersch\u00e4tzte k\u00f6rperliche Herausforderung. Viel Spa\u00df hatten auf jeden Fall nicht nur die Kinder.<\/p>\n\n\n\n<figure class=\"wp-block-gallery has-nested-images columns-default is-cropped wp-block-gallery-2 is-layout-flex wp-block-gallery-is-layout-flex\">\n<figure class=\"wp-block-image size-large\"><img loading=\"lazy\" decoding=\"async\" width=\"1024\" height=\"987\" data-id=\"1812\" src=\"https:\/\/www.dvg-lsa.de\/wp-content\/uploads\/2025\/05\/1-Atemschutzstrecke-ohne-Pesonen-1024x987.jpg\" alt=\"\" class=\"wp-image-1812\" srcset=\"https:\/\/www.dvg-lsa.de\/wp-content\/uploads\/2025\/05\/1-Atemschutzstrecke-ohne-Pesonen-1024x987.jpg 1024w, https:\/\/www.dvg-lsa.de\/wp-content\/uploads\/2025\/05\/1-Atemschutzstrecke-ohne-Pesonen-300x289.jpg 300w, https:\/\/www.dvg-lsa.de\/wp-content\/uploads\/2025\/05\/1-Atemschutzstrecke-ohne-Pesonen-768x740.jpg 768w, https:\/\/www.dvg-lsa.de\/wp-content\/uploads\/2025\/05\/1-Atemschutzstrecke-ohne-Pesonen-1536x1481.jpg 1536w, https:\/\/www.dvg-lsa.de\/wp-content\/uploads\/2025\/05\/1-Atemschutzstrecke-ohne-Pesonen.jpg 1554w\" sizes=\"auto, (max-width: 1024px) 100vw, 1024px\" \/><\/figure>\n\n\n\n<figure class=\"wp-block-image size-large\"><img loading=\"lazy\" decoding=\"async\" width=\"1024\" height=\"768\" data-id=\"1814\" src=\"https:\/\/www.dvg-lsa.de\/wp-content\/uploads\/2025\/05\/2-Kaefig-mit-Familien-1024x768.jpg\" alt=\"\" class=\"wp-image-1814\" srcset=\"https:\/\/www.dvg-lsa.de\/wp-content\/uploads\/2025\/05\/2-Kaefig-mit-Familien-1024x768.jpg 1024w, https:\/\/www.dvg-lsa.de\/wp-content\/uploads\/2025\/05\/2-Kaefig-mit-Familien-300x225.jpg 300w, https:\/\/www.dvg-lsa.de\/wp-content\/uploads\/2025\/05\/2-Kaefig-mit-Familien-768x576.jpg 768w, https:\/\/www.dvg-lsa.de\/wp-content\/uploads\/2025\/05\/2-Kaefig-mit-Familien-1536x1152.jpg 1536w, https:\/\/www.dvg-lsa.de\/wp-content\/uploads\/2025\/05\/2-Kaefig-mit-Familien.jpg 2048w\" sizes=\"auto, (max-width: 1024px) 100vw, 1024px\" \/><\/figure>\n\n\n\n<figure class=\"wp-block-image size-large\"><img loading=\"lazy\" decoding=\"async\" width=\"480\" height=\"640\" data-id=\"1813\" src=\"https:\/\/www.dvg-lsa.de\/wp-content\/uploads\/2025\/05\/3-Clarissa-im-Kaefig-mit-Daumen-hoch-2.jpg\" alt=\"\" class=\"wp-image-1813\" srcset=\"https:\/\/www.dvg-lsa.de\/wp-content\/uploads\/2025\/05\/3-Clarissa-im-Kaefig-mit-Daumen-hoch-2.jpg 480w, https:\/\/www.dvg-lsa.de\/wp-content\/uploads\/2025\/05\/3-Clarissa-im-Kaefig-mit-Daumen-hoch-2-225x300.jpg 225w\" sizes=\"auto, (max-width: 480px) 100vw, 480px\" \/><\/figure>\n\n\n\n<figure class=\"wp-block-image size-large\"><img loading=\"lazy\" decoding=\"async\" width=\"619\" height=\"1024\" data-id=\"1815\" src=\"https:\/\/www.dvg-lsa.de\/wp-content\/uploads\/2025\/05\/3-mit-Mutti-im-Kaefig-619x1024.jpg\" alt=\"\" class=\"wp-image-1815\" srcset=\"https:\/\/www.dvg-lsa.de\/wp-content\/uploads\/2025\/05\/3-mit-Mutti-im-Kaefig-619x1024.jpg 619w, https:\/\/www.dvg-lsa.de\/wp-content\/uploads\/2025\/05\/3-mit-Mutti-im-Kaefig-181x300.jpg 181w, https:\/\/www.dvg-lsa.de\/wp-content\/uploads\/2025\/05\/3-mit-Mutti-im-Kaefig-768x1270.jpg 768w, https:\/\/www.dvg-lsa.de\/wp-content\/uploads\/2025\/05\/3-mit-Mutti-im-Kaefig-929x1536.jpg 929w, https:\/\/www.dvg-lsa.de\/wp-content\/uploads\/2025\/05\/3-mit-Mutti-im-Kaefig.jpg 1126w\" sizes=\"auto, (max-width: 619px) 100vw, 619px\" \/><\/figure>\n\n\n\n<figure class=\"wp-block-image size-large\"><img loading=\"lazy\" decoding=\"async\" width=\"1024\" height=\"768\" data-id=\"1816\" src=\"https:\/\/www.dvg-lsa.de\/wp-content\/uploads\/2025\/05\/4-Kaefig-6-1024x768.jpg\" alt=\"\" class=\"wp-image-1816\" srcset=\"https:\/\/www.dvg-lsa.de\/wp-content\/uploads\/2025\/05\/4-Kaefig-6-1024x768.jpg 1024w, https:\/\/www.dvg-lsa.de\/wp-content\/uploads\/2025\/05\/4-Kaefig-6-300x225.jpg 300w, https:\/\/www.dvg-lsa.de\/wp-content\/uploads\/2025\/05\/4-Kaefig-6-768x576.jpg 768w, https:\/\/www.dvg-lsa.de\/wp-content\/uploads\/2025\/05\/4-Kaefig-6-1536x1152.jpg 1536w, https:\/\/www.dvg-lsa.de\/wp-content\/uploads\/2025\/05\/4-Kaefig-6.jpg 2048w\" sizes=\"auto, (max-width: 1024px) 100vw, 1024px\" \/><\/figure>\n\n\n\n<figure class=\"wp-block-image size-large\"><img loading=\"lazy\" decoding=\"async\" width=\"768\" height=\"1024\" data-id=\"1817\" src=\"https:\/\/www.dvg-lsa.de\/wp-content\/uploads\/2025\/05\/5-Christian-im-Atemschutzkaefig-768x1024.jpg\" alt=\"\" class=\"wp-image-1817\" srcset=\"https:\/\/www.dvg-lsa.de\/wp-content\/uploads\/2025\/05\/5-Christian-im-Atemschutzkaefig-768x1024.jpg 768w, https:\/\/www.dvg-lsa.de\/wp-content\/uploads\/2025\/05\/5-Christian-im-Atemschutzkaefig-225x300.jpg 225w, https:\/\/www.dvg-lsa.de\/wp-content\/uploads\/2025\/05\/5-Christian-im-Atemschutzkaefig-1152x1536.jpg 1152w, https:\/\/www.dvg-lsa.de\/wp-content\/uploads\/2025\/05\/5-Christian-im-Atemschutzkaefig.jpg 1500w\" sizes=\"auto, (max-width: 768px) 100vw, 768px\" \/><\/figure>\n\n\n\n<figure class=\"wp-block-image size-large\"><img loading=\"lazy\" decoding=\"async\" width=\"768\" height=\"1024\" data-id=\"1818\" src=\"https:\/\/www.dvg-lsa.de\/wp-content\/uploads\/2025\/05\/6-Christian-im-Kaefig-3-768x1024.jpg\" alt=\"\" class=\"wp-image-1818\" srcset=\"https:\/\/www.dvg-lsa.de\/wp-content\/uploads\/2025\/05\/6-Christian-im-Kaefig-3-768x1024.jpg 768w, https:\/\/www.dvg-lsa.de\/wp-content\/uploads\/2025\/05\/6-Christian-im-Kaefig-3-225x300.jpg 225w, https:\/\/www.dvg-lsa.de\/wp-content\/uploads\/2025\/05\/6-Christian-im-Kaefig-3-1152x1536.jpg 1152w, https:\/\/www.dvg-lsa.de\/wp-content\/uploads\/2025\/05\/6-Christian-im-Kaefig-3.jpg 1512w\" sizes=\"auto, (max-width: 768px) 100vw, 768px\" \/><\/figure>\n\n\n\n<figure class=\"wp-block-image size-large\"><img loading=\"lazy\" decoding=\"async\" width=\"642\" height=\"1024\" data-id=\"1819\" src=\"https:\/\/www.dvg-lsa.de\/wp-content\/uploads\/2025\/05\/7-Thomas-im-Kaefig-2-642x1024.jpg\" alt=\"\" class=\"wp-image-1819\" srcset=\"https:\/\/www.dvg-lsa.de\/wp-content\/uploads\/2025\/05\/7-Thomas-im-Kaefig-2-642x1024.jpg 642w, https:\/\/www.dvg-lsa.de\/wp-content\/uploads\/2025\/05\/7-Thomas-im-Kaefig-2-188x300.jpg 188w, https:\/\/www.dvg-lsa.de\/wp-content\/uploads\/2025\/05\/7-Thomas-im-Kaefig-2-768x1225.jpg 768w, https:\/\/www.dvg-lsa.de\/wp-content\/uploads\/2025\/05\/7-Thomas-im-Kaefig-2-963x1536.jpg 963w, https:\/\/www.dvg-lsa.de\/wp-content\/uploads\/2025\/05\/7-Thomas-im-Kaefig-2.jpg 1126w\" sizes=\"auto, (max-width: 642px) 100vw, 642px\" \/><\/figure>\n\n\n\n<figure class=\"wp-block-image size-large\"><img loading=\"lazy\" decoding=\"async\" width=\"628\" height=\"1024\" data-id=\"1820\" src=\"https:\/\/www.dvg-lsa.de\/wp-content\/uploads\/2025\/05\/8-mit-Mutti-im-K-628x1024.jpg\" alt=\"\" class=\"wp-image-1820\" srcset=\"https:\/\/www.dvg-lsa.de\/wp-content\/uploads\/2025\/05\/8-mit-Mutti-im-K-628x1024.jpg 628w, https:\/\/www.dvg-lsa.de\/wp-content\/uploads\/2025\/05\/8-mit-Mutti-im-K-184x300.jpg 184w, https:\/\/www.dvg-lsa.de\/wp-content\/uploads\/2025\/05\/8-mit-Mutti-im-K-768x1252.jpg 768w, https:\/\/www.dvg-lsa.de\/wp-content\/uploads\/2025\/05\/8-mit-Mutti-im-K-943x1536.jpg 943w, https:\/\/www.dvg-lsa.de\/wp-content\/uploads\/2025\/05\/8-mit-Mutti-im-K.jpg 1126w\" sizes=\"auto, (max-width: 628px) 100vw, 628px\" \/><\/figure>\n\n\n\n<figure class=\"wp-block-image size-large\"><img loading=\"lazy\" decoding=\"async\" width=\"768\" height=\"1024\" data-id=\"1830\" src=\"https:\/\/www.dvg-lsa.de\/wp-content\/uploads\/2025\/05\/9-Christian-im-Kaefig-5-768x1024.jpg\" alt=\"\" class=\"wp-image-1830\" srcset=\"https:\/\/www.dvg-lsa.de\/wp-content\/uploads\/2025\/05\/9-Christian-im-Kaefig-5-768x1024.jpg 768w, https:\/\/www.dvg-lsa.de\/wp-content\/uploads\/2025\/05\/9-Christian-im-Kaefig-5-225x300.jpg 225w, https:\/\/www.dvg-lsa.de\/wp-content\/uploads\/2025\/05\/9-Christian-im-Kaefig-5-1152x1536.jpg 1152w, https:\/\/www.dvg-lsa.de\/wp-content\/uploads\/2025\/05\/9-Christian-im-Kaefig-5.jpg 1512w\" sizes=\"auto, (max-width: 768px) 100vw, 768px\" \/><\/figure>\n\n\n\n<figure class=\"wp-block-image size-large\"><img loading=\"lazy\" decoding=\"async\" width=\"768\" height=\"1024\" data-id=\"1821\" src=\"https:\/\/www.dvg-lsa.de\/wp-content\/uploads\/2025\/05\/10-Christian-im-Kaefig-6-768x1024.jpg\" alt=\"\" class=\"wp-image-1821\" srcset=\"https:\/\/www.dvg-lsa.de\/wp-content\/uploads\/2025\/05\/10-Christian-im-Kaefig-6-768x1024.jpg 768w, https:\/\/www.dvg-lsa.de\/wp-content\/uploads\/2025\/05\/10-Christian-im-Kaefig-6-225x300.jpg 225w, https:\/\/www.dvg-lsa.de\/wp-content\/uploads\/2025\/05\/10-Christian-im-Kaefig-6-1152x1536.jpg 1152w, https:\/\/www.dvg-lsa.de\/wp-content\/uploads\/2025\/05\/10-Christian-im-Kaefig-6.jpg 1500w\" sizes=\"auto, (max-width: 768px) 100vw, 768px\" \/><\/figure>\n\n\n\n<figure class=\"wp-block-image size-large\"><img loading=\"lazy\" decoding=\"async\" width=\"768\" height=\"1024\" data-id=\"1823\" src=\"https:\/\/www.dvg-lsa.de\/wp-content\/uploads\/2025\/05\/11-Christian-im-Kaefig-mit-Uli-768x1024.jpg\" alt=\"\" class=\"wp-image-1823\" srcset=\"https:\/\/www.dvg-lsa.de\/wp-content\/uploads\/2025\/05\/11-Christian-im-Kaefig-mit-Uli-768x1024.jpg 768w, https:\/\/www.dvg-lsa.de\/wp-content\/uploads\/2025\/05\/11-Christian-im-Kaefig-mit-Uli-225x300.jpg 225w, https:\/\/www.dvg-lsa.de\/wp-content\/uploads\/2025\/05\/11-Christian-im-Kaefig-mit-Uli-1152x1536.jpg 1152w, https:\/\/www.dvg-lsa.de\/wp-content\/uploads\/2025\/05\/11-Christian-im-Kaefig-mit-Uli.jpg 1512w\" sizes=\"auto, (max-width: 768px) 100vw, 768px\" \/><\/figure>\n\n\n\n<figure class=\"wp-block-image size-large\"><img loading=\"lazy\" decoding=\"async\" width=\"768\" height=\"1024\" data-id=\"1822\" src=\"https:\/\/www.dvg-lsa.de\/wp-content\/uploads\/2025\/05\/12-Clarissa-im-Kaefig-liegend-768x1024.jpg\" alt=\"\" class=\"wp-image-1822\" srcset=\"https:\/\/www.dvg-lsa.de\/wp-content\/uploads\/2025\/05\/12-Clarissa-im-Kaefig-liegend-768x1024.jpg 768w, https:\/\/www.dvg-lsa.de\/wp-content\/uploads\/2025\/05\/12-Clarissa-im-Kaefig-liegend-225x300.jpg 225w, https:\/\/www.dvg-lsa.de\/wp-content\/uploads\/2025\/05\/12-Clarissa-im-Kaefig-liegend-1152x1536.jpg 1152w, https:\/\/www.dvg-lsa.de\/wp-content\/uploads\/2025\/05\/12-Clarissa-im-Kaefig-liegend.jpg 1200w\" sizes=\"auto, (max-width: 768px) 100vw, 768px\" \/><\/figure>\n\n\n\n<figure class=\"wp-block-image size-large\"><img loading=\"lazy\" decoding=\"async\" width=\"1024\" height=\"768\" data-id=\"1831\" src=\"https:\/\/www.dvg-lsa.de\/wp-content\/uploads\/2025\/05\/13-Freundin-von-Clarissa-im-Kaefig-1024x768.jpg\" alt=\"\" class=\"wp-image-1831\" srcset=\"https:\/\/www.dvg-lsa.de\/wp-content\/uploads\/2025\/05\/13-Freundin-von-Clarissa-im-Kaefig-1024x768.jpg 1024w, https:\/\/www.dvg-lsa.de\/wp-content\/uploads\/2025\/05\/13-Freundin-von-Clarissa-im-Kaefig-300x225.jpg 300w, https:\/\/www.dvg-lsa.de\/wp-content\/uploads\/2025\/05\/13-Freundin-von-Clarissa-im-Kaefig-768x576.jpg 768w, https:\/\/www.dvg-lsa.de\/wp-content\/uploads\/2025\/05\/13-Freundin-von-Clarissa-im-Kaefig-1536x1152.jpg 1536w, https:\/\/www.dvg-lsa.de\/wp-content\/uploads\/2025\/05\/13-Freundin-von-Clarissa-im-Kaefig-2048x1536.jpg 2048w\" sizes=\"auto, (max-width: 1024px) 100vw, 1024px\" \/><\/figure>\n\n\n\n<figure class=\"wp-block-image size-large\"><img loading=\"lazy\" decoding=\"async\" width=\"629\" height=\"1024\" data-id=\"1824\" src=\"https:\/\/www.dvg-lsa.de\/wp-content\/uploads\/2025\/05\/14-Thomas-im-Kaefig-3-629x1024.jpg\" alt=\"\" class=\"wp-image-1824\" srcset=\"https:\/\/www.dvg-lsa.de\/wp-content\/uploads\/2025\/05\/14-Thomas-im-Kaefig-3-629x1024.jpg 629w, https:\/\/www.dvg-lsa.de\/wp-content\/uploads\/2025\/05\/14-Thomas-im-Kaefig-3-184x300.jpg 184w, https:\/\/www.dvg-lsa.de\/wp-content\/uploads\/2025\/05\/14-Thomas-im-Kaefig-3-768x1250.jpg 768w, https:\/\/www.dvg-lsa.de\/wp-content\/uploads\/2025\/05\/14-Thomas-im-Kaefig-3-944x1536.jpg 944w, https:\/\/www.dvg-lsa.de\/wp-content\/uploads\/2025\/05\/14-Thomas-im-Kaefig-3.jpg 1126w\" sizes=\"auto, (max-width: 629px) 100vw, 629px\" \/><\/figure>\n\n\n\n<figure class=\"wp-block-image size-large\"><img loading=\"lazy\" decoding=\"async\" width=\"628\" height=\"1024\" data-id=\"1825\" src=\"https:\/\/www.dvg-lsa.de\/wp-content\/uploads\/2025\/05\/15-mit-Mutti-im-Kaefig-2-628x1024.jpg\" alt=\"\" class=\"wp-image-1825\" srcset=\"https:\/\/www.dvg-lsa.de\/wp-content\/uploads\/2025\/05\/15-mit-Mutti-im-Kaefig-2-628x1024.jpg 628w, https:\/\/www.dvg-lsa.de\/wp-content\/uploads\/2025\/05\/15-mit-Mutti-im-Kaefig-2-184x300.jpg 184w, https:\/\/www.dvg-lsa.de\/wp-content\/uploads\/2025\/05\/15-mit-Mutti-im-Kaefig-2-768x1252.jpg 768w, https:\/\/www.dvg-lsa.de\/wp-content\/uploads\/2025\/05\/15-mit-Mutti-im-Kaefig-2-943x1536.jpg 943w, https:\/\/www.dvg-lsa.de\/wp-content\/uploads\/2025\/05\/15-mit-Mutti-im-Kaefig-2.jpg 1126w\" sizes=\"auto, (max-width: 628px) 100vw, 628px\" \/><\/figure>\n\n\n\n<figure class=\"wp-block-image size-large\"><img loading=\"lazy\" decoding=\"async\" width=\"768\" height=\"1024\" data-id=\"1826\" src=\"https:\/\/www.dvg-lsa.de\/wp-content\/uploads\/2025\/05\/16-Clarissa-im-Kaefig-768x1024.jpg\" alt=\"\" class=\"wp-image-1826\" srcset=\"https:\/\/www.dvg-lsa.de\/wp-content\/uploads\/2025\/05\/16-Clarissa-im-Kaefig-768x1024.jpg 768w, https:\/\/www.dvg-lsa.de\/wp-content\/uploads\/2025\/05\/16-Clarissa-im-Kaefig-225x300.jpg 225w, https:\/\/www.dvg-lsa.de\/wp-content\/uploads\/2025\/05\/16-Clarissa-im-Kaefig-1152x1536.jpg 1152w, https:\/\/www.dvg-lsa.de\/wp-content\/uploads\/2025\/05\/16-Clarissa-im-Kaefig.jpg 1500w\" sizes=\"auto, (max-width: 768px) 100vw, 768px\" \/><\/figure>\n\n\n\n<figure class=\"wp-block-image size-large\"><img loading=\"lazy\" decoding=\"async\" width=\"768\" height=\"1024\" data-id=\"1827\" src=\"https:\/\/www.dvg-lsa.de\/wp-content\/uploads\/2025\/05\/17-Clarissa-mit-Freund-aus-dem-Kaefig-kommend-768x1024.jpg\" alt=\"\" class=\"wp-image-1827\" srcset=\"https:\/\/www.dvg-lsa.de\/wp-content\/uploads\/2025\/05\/17-Clarissa-mit-Freund-aus-dem-Kaefig-kommend-768x1024.jpg 768w, https:\/\/www.dvg-lsa.de\/wp-content\/uploads\/2025\/05\/17-Clarissa-mit-Freund-aus-dem-Kaefig-kommend-225x300.jpg 225w, https:\/\/www.dvg-lsa.de\/wp-content\/uploads\/2025\/05\/17-Clarissa-mit-Freund-aus-dem-Kaefig-kommend-1152x1536.jpg 1152w, https:\/\/www.dvg-lsa.de\/wp-content\/uploads\/2025\/05\/17-Clarissa-mit-Freund-aus-dem-Kaefig-kommend.jpg 1200w\" sizes=\"auto, (max-width: 768px) 100vw, 768px\" \/><\/figure>\n\n\n\n<figure class=\"wp-block-image size-large\"><img loading=\"lazy\" decoding=\"async\" width=\"768\" height=\"1024\" data-id=\"1828\" src=\"https:\/\/www.dvg-lsa.de\/wp-content\/uploads\/2025\/05\/18-Christian-in-der-Werkstatt-mit-Daumen-hoch-und-Helm-768x1024.jpg\" alt=\"\" class=\"wp-image-1828\" srcset=\"https:\/\/www.dvg-lsa.de\/wp-content\/uploads\/2025\/05\/18-Christian-in-der-Werkstatt-mit-Daumen-hoch-und-Helm-768x1024.jpg 768w, https:\/\/www.dvg-lsa.de\/wp-content\/uploads\/2025\/05\/18-Christian-in-der-Werkstatt-mit-Daumen-hoch-und-Helm-225x300.jpg 225w, https:\/\/www.dvg-lsa.de\/wp-content\/uploads\/2025\/05\/18-Christian-in-der-Werkstatt-mit-Daumen-hoch-und-Helm-1152x1536.jpg 1152w, https:\/\/www.dvg-lsa.de\/wp-content\/uploads\/2025\/05\/18-Christian-in-der-Werkstatt-mit-Daumen-hoch-und-Helm.jpg 1500w\" sizes=\"auto, (max-width: 768px) 100vw, 768px\" \/><\/figure>\n\n\n\n<figure class=\"wp-block-image size-large\"><img loading=\"lazy\" decoding=\"async\" width=\"768\" height=\"1024\" data-id=\"1829\" src=\"https:\/\/www.dvg-lsa.de\/wp-content\/uploads\/2025\/05\/19-Uli-mit-Christian-un-Clarissa-768x1024.jpg\" alt=\"\" class=\"wp-image-1829\" srcset=\"https:\/\/www.dvg-lsa.de\/wp-content\/uploads\/2025\/05\/19-Uli-mit-Christian-un-Clarissa-768x1024.jpg 768w, https:\/\/www.dvg-lsa.de\/wp-content\/uploads\/2025\/05\/19-Uli-mit-Christian-un-Clarissa-225x300.jpg 225w, https:\/\/www.dvg-lsa.de\/wp-content\/uploads\/2025\/05\/19-Uli-mit-Christian-un-Clarissa-1152x1536.jpg 1152w, https:\/\/www.dvg-lsa.de\/wp-content\/uploads\/2025\/05\/19-Uli-mit-Christian-un-Clarissa.jpg 1500w\" sizes=\"auto, (max-width: 768px) 100vw, 768px\" \/><\/figure>\n<\/figure>\n\n\n\n<p>Einige DVG-Mitglieder wollten das Erlebnis Feuerwehr ganz stilecht mit der Last von Einsatzkleidung. Dieser Wunsch wurde erf\u00fcllt.<\/p>\n\n\n\n<figure class=\"wp-block-gallery has-nested-images columns-default is-cropped wp-block-gallery-3 is-layout-flex wp-block-gallery-is-layout-flex\">\n<figure class=\"wp-block-image size-large\"><img loading=\"lazy\" decoding=\"async\" width=\"627\" height=\"1024\" data-id=\"1843\" src=\"https:\/\/www.dvg-lsa.de\/wp-content\/uploads\/2025\/05\/1-Clarissa-zeiht-uniform-an-627x1024.jpg\" alt=\"\" class=\"wp-image-1843\" srcset=\"https:\/\/www.dvg-lsa.de\/wp-content\/uploads\/2025\/05\/1-Clarissa-zeiht-uniform-an-627x1024.jpg 627w, https:\/\/www.dvg-lsa.de\/wp-content\/uploads\/2025\/05\/1-Clarissa-zeiht-uniform-an-184x300.jpg 184w, https:\/\/www.dvg-lsa.de\/wp-content\/uploads\/2025\/05\/1-Clarissa-zeiht-uniform-an-768x1255.jpg 768w, https:\/\/www.dvg-lsa.de\/wp-content\/uploads\/2025\/05\/1-Clarissa-zeiht-uniform-an-940x1536.jpg 940w, https:\/\/www.dvg-lsa.de\/wp-content\/uploads\/2025\/05\/1-Clarissa-zeiht-uniform-an-1253x2048.jpg 1253w, https:\/\/www.dvg-lsa.de\/wp-content\/uploads\/2025\/05\/1-Clarissa-zeiht-uniform-an-scaled.jpg 1566w\" sizes=\"auto, (max-width: 627px) 100vw, 627px\" \/><\/figure>\n\n\n\n<figure class=\"wp-block-image size-large\"><img loading=\"lazy\" decoding=\"async\" width=\"768\" height=\"1024\" data-id=\"1842\" src=\"https:\/\/www.dvg-lsa.de\/wp-content\/uploads\/2025\/05\/2-Clarissa-mit-Uniform-1-768x1024.jpg\" alt=\"\" class=\"wp-image-1842\" srcset=\"https:\/\/www.dvg-lsa.de\/wp-content\/uploads\/2025\/05\/2-Clarissa-mit-Uniform-1-768x1024.jpg 768w, https:\/\/www.dvg-lsa.de\/wp-content\/uploads\/2025\/05\/2-Clarissa-mit-Uniform-1-225x300.jpg 225w, https:\/\/www.dvg-lsa.de\/wp-content\/uploads\/2025\/05\/2-Clarissa-mit-Uniform-1-1152x1536.jpg 1152w, https:\/\/www.dvg-lsa.de\/wp-content\/uploads\/2025\/05\/2-Clarissa-mit-Uniform-1-1536x2048.jpg 1536w, https:\/\/www.dvg-lsa.de\/wp-content\/uploads\/2025\/05\/2-Clarissa-mit-Uniform-1-scaled.jpg 1920w\" sizes=\"auto, (max-width: 768px) 100vw, 768px\" \/><\/figure>\n\n\n\n<figure class=\"wp-block-image size-large\"><img loading=\"lazy\" decoding=\"async\" width=\"768\" height=\"1024\" data-id=\"1844\" src=\"https:\/\/www.dvg-lsa.de\/wp-content\/uploads\/2025\/05\/3-Clarissa-mit-Daumen-hoch-768x1024.jpg\" alt=\"\" class=\"wp-image-1844\" srcset=\"https:\/\/www.dvg-lsa.de\/wp-content\/uploads\/2025\/05\/3-Clarissa-mit-Daumen-hoch-768x1024.jpg 768w, https:\/\/www.dvg-lsa.de\/wp-content\/uploads\/2025\/05\/3-Clarissa-mit-Daumen-hoch-225x300.jpg 225w, https:\/\/www.dvg-lsa.de\/wp-content\/uploads\/2025\/05\/3-Clarissa-mit-Daumen-hoch-1152x1536.jpg 1152w, https:\/\/www.dvg-lsa.de\/wp-content\/uploads\/2025\/05\/3-Clarissa-mit-Daumen-hoch-1536x2048.jpg 1536w, https:\/\/www.dvg-lsa.de\/wp-content\/uploads\/2025\/05\/3-Clarissa-mit-Daumen-hoch-scaled.jpg 1920w\" sizes=\"auto, (max-width: 768px) 100vw, 768px\" \/><\/figure>\n\n\n\n<figure class=\"wp-block-image size-large\"><img loading=\"lazy\" decoding=\"async\" width=\"768\" height=\"1024\" data-id=\"1840\" src=\"https:\/\/www.dvg-lsa.de\/wp-content\/uploads\/2025\/05\/4-Clarissa-an-der-Werkstatt-mit-Daumen-hoch-768x1024.jpg\" alt=\"\" class=\"wp-image-1840\" srcset=\"https:\/\/www.dvg-lsa.de\/wp-content\/uploads\/2025\/05\/4-Clarissa-an-der-Werkstatt-mit-Daumen-hoch-768x1024.jpg 768w, https:\/\/www.dvg-lsa.de\/wp-content\/uploads\/2025\/05\/4-Clarissa-an-der-Werkstatt-mit-Daumen-hoch-225x300.jpg 225w, https:\/\/www.dvg-lsa.de\/wp-content\/uploads\/2025\/05\/4-Clarissa-an-der-Werkstatt-mit-Daumen-hoch-1152x1536.jpg 1152w, https:\/\/www.dvg-lsa.de\/wp-content\/uploads\/2025\/05\/4-Clarissa-an-der-Werkstatt-mit-Daumen-hoch.jpg 1536w\" sizes=\"auto, (max-width: 768px) 100vw, 768px\" \/><\/figure>\n\n\n\n<figure class=\"wp-block-image size-large\"><img loading=\"lazy\" decoding=\"async\" width=\"768\" height=\"1024\" data-id=\"1839\" src=\"https:\/\/www.dvg-lsa.de\/wp-content\/uploads\/2025\/05\/5-Christian-mit-Helm-768x1024.jpg\" alt=\"\" class=\"wp-image-1839\" srcset=\"https:\/\/www.dvg-lsa.de\/wp-content\/uploads\/2025\/05\/5-Christian-mit-Helm-768x1024.jpg 768w, https:\/\/www.dvg-lsa.de\/wp-content\/uploads\/2025\/05\/5-Christian-mit-Helm-225x300.jpg 225w, https:\/\/www.dvg-lsa.de\/wp-content\/uploads\/2025\/05\/5-Christian-mit-Helm-1152x1536.jpg 1152w, https:\/\/www.dvg-lsa.de\/wp-content\/uploads\/2025\/05\/5-Christian-mit-Helm.jpg 1500w\" sizes=\"auto, (max-width: 768px) 100vw, 768px\" \/><\/figure>\n\n\n\n<figure class=\"wp-block-image size-large\"><img loading=\"lazy\" decoding=\"async\" width=\"768\" height=\"1024\" data-id=\"1841\" src=\"https:\/\/www.dvg-lsa.de\/wp-content\/uploads\/2025\/05\/6-Christian-mit-Freundin-von-Clarissa-768x1024.jpg\" alt=\"\" class=\"wp-image-1841\" srcset=\"https:\/\/www.dvg-lsa.de\/wp-content\/uploads\/2025\/05\/6-Christian-mit-Freundin-von-Clarissa-768x1024.jpg 768w, https:\/\/www.dvg-lsa.de\/wp-content\/uploads\/2025\/05\/6-Christian-mit-Freundin-von-Clarissa-225x300.jpg 225w, https:\/\/www.dvg-lsa.de\/wp-content\/uploads\/2025\/05\/6-Christian-mit-Freundin-von-Clarissa-1152x1536.jpg 1152w, https:\/\/www.dvg-lsa.de\/wp-content\/uploads\/2025\/05\/6-Christian-mit-Freundin-von-Clarissa.jpg 1512w\" sizes=\"auto, (max-width: 768px) 100vw, 768px\" \/><\/figure>\n<\/figure>\n\n\n\n<p>Auch die Endlosleiter, auf der die Kolleginnen und Kollegen der Berufsfeuerwehr regelm\u00e4\u00dfig trainieren, lud zur sportlichen Bet\u00e4tigung am Vormittag ein. <\/p>\n\n\n\n<figure class=\"wp-block-gallery has-nested-images columns-default is-cropped wp-block-gallery-4 is-layout-flex wp-block-gallery-is-layout-flex\">\n<figure class=\"wp-block-image size-large\"><img loading=\"lazy\" decoding=\"async\" width=\"768\" height=\"1024\" data-id=\"1847\" src=\"https:\/\/www.dvg-lsa.de\/wp-content\/uploads\/2025\/05\/1-Leiter-Anke-Heine-768x1024.jpg\" alt=\"\" class=\"wp-image-1847\" srcset=\"https:\/\/www.dvg-lsa.de\/wp-content\/uploads\/2025\/05\/1-Leiter-Anke-Heine-768x1024.jpg 768w, https:\/\/www.dvg-lsa.de\/wp-content\/uploads\/2025\/05\/1-Leiter-Anke-Heine-225x300.jpg 225w, https:\/\/www.dvg-lsa.de\/wp-content\/uploads\/2025\/05\/1-Leiter-Anke-Heine-1152x1536.jpg 1152w, https:\/\/www.dvg-lsa.de\/wp-content\/uploads\/2025\/05\/1-Leiter-Anke-Heine.jpg 1500w\" sizes=\"auto, (max-width: 768px) 100vw, 768px\" \/><\/figure>\n\n\n\n<figure class=\"wp-block-image size-large\"><img loading=\"lazy\" decoding=\"async\" width=\"577\" height=\"1024\" data-id=\"1846\" src=\"https:\/\/www.dvg-lsa.de\/wp-content\/uploads\/2025\/05\/2-577x1024.jpg\" alt=\"\" class=\"wp-image-1846\" srcset=\"https:\/\/www.dvg-lsa.de\/wp-content\/uploads\/2025\/05\/2-577x1024.jpg 577w, https:\/\/www.dvg-lsa.de\/wp-content\/uploads\/2025\/05\/2-169x300.jpg 169w, https:\/\/www.dvg-lsa.de\/wp-content\/uploads\/2025\/05\/2-768x1364.jpg 768w, https:\/\/www.dvg-lsa.de\/wp-content\/uploads\/2025\/05\/2-865x1536.jpg 865w, https:\/\/www.dvg-lsa.de\/wp-content\/uploads\/2025\/05\/2.jpg 1126w\" sizes=\"auto, (max-width: 577px) 100vw, 577px\" \/><\/figure>\n\n\n\n<figure class=\"wp-block-image size-large\"><img loading=\"lazy\" decoding=\"async\" width=\"576\" height=\"1024\" data-id=\"1851\" src=\"https:\/\/www.dvg-lsa.de\/wp-content\/uploads\/2025\/05\/3-Freundin-von-Clarissa-auf-der-Leiter-576x1024.jpg\" alt=\"\" class=\"wp-image-1851\" srcset=\"https:\/\/www.dvg-lsa.de\/wp-content\/uploads\/2025\/05\/3-Freundin-von-Clarissa-auf-der-Leiter-576x1024.jpg 576w, https:\/\/www.dvg-lsa.de\/wp-content\/uploads\/2025\/05\/3-Freundin-von-Clarissa-auf-der-Leiter-169x300.jpg 169w, https:\/\/www.dvg-lsa.de\/wp-content\/uploads\/2025\/05\/3-Freundin-von-Clarissa-auf-der-Leiter-768x1365.jpg 768w, https:\/\/www.dvg-lsa.de\/wp-content\/uploads\/2025\/05\/3-Freundin-von-Clarissa-auf-der-Leiter-864x1536.jpg 864w, https:\/\/www.dvg-lsa.de\/wp-content\/uploads\/2025\/05\/3-Freundin-von-Clarissa-auf-der-Leiter-1152x2048.jpg 1152w, https:\/\/www.dvg-lsa.de\/wp-content\/uploads\/2025\/05\/3-Freundin-von-Clarissa-auf-der-Leiter-scaled.jpg 1440w\" sizes=\"auto, (max-width: 576px) 100vw, 576px\" \/><\/figure>\n\n\n\n<figure class=\"wp-block-image size-large\"><img loading=\"lazy\" decoding=\"async\" width=\"615\" height=\"1024\" data-id=\"1848\" src=\"https:\/\/www.dvg-lsa.de\/wp-content\/uploads\/2025\/05\/4-Leiter-Kind-1-615x1024.jpg\" alt=\"\" class=\"wp-image-1848\" srcset=\"https:\/\/www.dvg-lsa.de\/wp-content\/uploads\/2025\/05\/4-Leiter-Kind-1-615x1024.jpg 615w, https:\/\/www.dvg-lsa.de\/wp-content\/uploads\/2025\/05\/4-Leiter-Kind-1-180x300.jpg 180w, https:\/\/www.dvg-lsa.de\/wp-content\/uploads\/2025\/05\/4-Leiter-Kind-1-768x1279.jpg 768w, https:\/\/www.dvg-lsa.de\/wp-content\/uploads\/2025\/05\/4-Leiter-Kind-1-922x1536.jpg 922w, https:\/\/www.dvg-lsa.de\/wp-content\/uploads\/2025\/05\/4-Leiter-Kind-1.jpg 1123w\" sizes=\"auto, (max-width: 615px) 100vw, 615px\" \/><\/figure>\n\n\n\n<figure class=\"wp-block-image size-large\"><img loading=\"lazy\" decoding=\"async\" width=\"615\" height=\"1024\" data-id=\"1849\" src=\"https:\/\/www.dvg-lsa.de\/wp-content\/uploads\/2025\/05\/5-Leiter-Kind-2-615x1024.jpg\" alt=\"\" class=\"wp-image-1849\" srcset=\"https:\/\/www.dvg-lsa.de\/wp-content\/uploads\/2025\/05\/5-Leiter-Kind-2-615x1024.jpg 615w, https:\/\/www.dvg-lsa.de\/wp-content\/uploads\/2025\/05\/5-Leiter-Kind-2-180x300.jpg 180w, https:\/\/www.dvg-lsa.de\/wp-content\/uploads\/2025\/05\/5-Leiter-Kind-2-768x1279.jpg 768w, https:\/\/www.dvg-lsa.de\/wp-content\/uploads\/2025\/05\/5-Leiter-Kind-2-922x1536.jpg 922w, https:\/\/www.dvg-lsa.de\/wp-content\/uploads\/2025\/05\/5-Leiter-Kind-2.jpg 1116w\" sizes=\"auto, (max-width: 615px) 100vw, 615px\" \/><\/figure>\n\n\n\n<figure class=\"wp-block-image size-large\"><img loading=\"lazy\" decoding=\"async\" width=\"768\" height=\"1024\" data-id=\"1850\" src=\"https:\/\/www.dvg-lsa.de\/wp-content\/uploads\/2025\/05\/6-Clarissa-auf-der-Leiter-768x1024.jpg\" alt=\"\" class=\"wp-image-1850\" srcset=\"https:\/\/www.dvg-lsa.de\/wp-content\/uploads\/2025\/05\/6-Clarissa-auf-der-Leiter-768x1024.jpg 768w, https:\/\/www.dvg-lsa.de\/wp-content\/uploads\/2025\/05\/6-Clarissa-auf-der-Leiter-225x300.jpg 225w, https:\/\/www.dvg-lsa.de\/wp-content\/uploads\/2025\/05\/6-Clarissa-auf-der-Leiter-1152x1536.jpg 1152w, https:\/\/www.dvg-lsa.de\/wp-content\/uploads\/2025\/05\/6-Clarissa-auf-der-Leiter.jpg 1200w\" sizes=\"auto, (max-width: 768px) 100vw, 768px\" \/><\/figure>\n<\/figure>\n\n\n\n<p>Den Notruf 112 sollte jeder kennen &#8211; aber wo kommt man da an und wer ist an der anderen Seite der Telefonleitung? Was geh\u00f6rt zu den Aufgaben eines Disponenten am Notruf? Das erfuhren wir in der Integrierten Leitstelle f\u00fcr Feuerwehr und Rettungsdienst von Halle und dem n\u00f6rdlichen Saalekreis. <\/p>\n\n\n\n<figure class=\"wp-block-gallery has-nested-images columns-default is-cropped wp-block-gallery-5 is-layout-flex wp-block-gallery-is-layout-flex\">\n<figure class=\"wp-block-image size-large\"><img loading=\"lazy\" decoding=\"async\" width=\"768\" height=\"1024\" data-id=\"1854\" src=\"https:\/\/www.dvg-lsa.de\/wp-content\/uploads\/2025\/05\/Ausicht-aus-der-ILS-768x1024.jpg\" alt=\"\" class=\"wp-image-1854\" srcset=\"https:\/\/www.dvg-lsa.de\/wp-content\/uploads\/2025\/05\/Ausicht-aus-der-ILS-768x1024.jpg 768w, https:\/\/www.dvg-lsa.de\/wp-content\/uploads\/2025\/05\/Ausicht-aus-der-ILS-225x300.jpg 225w, https:\/\/www.dvg-lsa.de\/wp-content\/uploads\/2025\/05\/Ausicht-aus-der-ILS-1152x1536.jpg 1152w, https:\/\/www.dvg-lsa.de\/wp-content\/uploads\/2025\/05\/Ausicht-aus-der-ILS-1536x2048.jpg 1536w, https:\/\/www.dvg-lsa.de\/wp-content\/uploads\/2025\/05\/Ausicht-aus-der-ILS-scaled.jpg 1920w\" sizes=\"auto, (max-width: 768px) 100vw, 768px\" \/><\/figure>\n\n\n\n<figure class=\"wp-block-image size-large\"><img loading=\"lazy\" decoding=\"async\" width=\"1024\" height=\"768\" data-id=\"1853\" src=\"https:\/\/www.dvg-lsa.de\/wp-content\/uploads\/2025\/05\/ILS-korrigiert-Datenschutz-1024x768.jpg\" alt=\"\" class=\"wp-image-1853\" srcset=\"https:\/\/www.dvg-lsa.de\/wp-content\/uploads\/2025\/05\/ILS-korrigiert-Datenschutz-1024x768.jpg 1024w, https:\/\/www.dvg-lsa.de\/wp-content\/uploads\/2025\/05\/ILS-korrigiert-Datenschutz-300x225.jpg 300w, https:\/\/www.dvg-lsa.de\/wp-content\/uploads\/2025\/05\/ILS-korrigiert-Datenschutz-768x576.jpg 768w, https:\/\/www.dvg-lsa.de\/wp-content\/uploads\/2025\/05\/ILS-korrigiert-Datenschutz-1536x1152.jpg 1536w, https:\/\/www.dvg-lsa.de\/wp-content\/uploads\/2025\/05\/ILS-korrigiert-Datenschutz.jpg 2048w\" sizes=\"auto, (max-width: 1024px) 100vw, 1024px\" \/><\/figure>\n\n\n\n<figure class=\"wp-block-image size-large\"><img loading=\"lazy\" decoding=\"async\" width=\"1024\" height=\"768\" data-id=\"1852\" src=\"https:\/\/www.dvg-lsa.de\/wp-content\/uploads\/2025\/05\/in-der-ILS-mit-Erlaeuterung-1024x768.jpg\" alt=\"\" class=\"wp-image-1852\" srcset=\"https:\/\/www.dvg-lsa.de\/wp-content\/uploads\/2025\/05\/in-der-ILS-mit-Erlaeuterung-1024x768.jpg 1024w, https:\/\/www.dvg-lsa.de\/wp-content\/uploads\/2025\/05\/in-der-ILS-mit-Erlaeuterung-300x225.jpg 300w, https:\/\/www.dvg-lsa.de\/wp-content\/uploads\/2025\/05\/in-der-ILS-mit-Erlaeuterung-768x576.jpg 768w, https:\/\/www.dvg-lsa.de\/wp-content\/uploads\/2025\/05\/in-der-ILS-mit-Erlaeuterung-1536x1152.jpg 1536w, https:\/\/www.dvg-lsa.de\/wp-content\/uploads\/2025\/05\/in-der-ILS-mit-Erlaeuterung.jpg 2048w\" sizes=\"auto, (max-width: 1024px) 100vw, 1024px\" \/><\/figure>\n<\/figure>\n\n\n\n<p>F\u00fcr gro\u00dfe Einsatzlagen gibt es in Sachsen-Anhalt zwei besondere Fahrzeuge &#8211; die ELW 2 (Einsatzleitwagen), die die Leitstellen unterst\u00fctzen (mit Standort in Halle (Saale) und in Magdeburg). Sie kommen beispielsweise zum Einsatz bei Gef\u00e4hrdungslagen durch Hochwasser, gr\u00f6\u00dferen Havarien und in Halle (Saale) j\u00e4hrlich auch zum Laternenfest auf der Pei\u00dfnitz. Wir haben erkundet, wie es im Inneren eines solchen Fahrzeuges ausschaut.<\/p>\n\n\n\n<figure class=\"wp-block-gallery has-nested-images columns-default is-cropped wp-block-gallery-6 is-layout-flex wp-block-gallery-is-layout-flex\">\n<figure class=\"wp-block-image size-large\"><img loading=\"lazy\" decoding=\"async\" width=\"1024\" height=\"678\" data-id=\"1856\" src=\"https:\/\/www.dvg-lsa.de\/wp-content\/uploads\/2025\/05\/2-ILS-vor-der-Wache-1024x678.jpg\" alt=\"\" class=\"wp-image-1856\" srcset=\"https:\/\/www.dvg-lsa.de\/wp-content\/uploads\/2025\/05\/2-ILS-vor-der-Wache-1024x678.jpg 1024w, https:\/\/www.dvg-lsa.de\/wp-content\/uploads\/2025\/05\/2-ILS-vor-der-Wache-300x199.jpg 300w, https:\/\/www.dvg-lsa.de\/wp-content\/uploads\/2025\/05\/2-ILS-vor-der-Wache-768x509.jpg 768w, https:\/\/www.dvg-lsa.de\/wp-content\/uploads\/2025\/05\/2-ILS-vor-der-Wache.jpg 1087w\" sizes=\"auto, (max-width: 1024px) 100vw, 1024px\" \/><\/figure>\n\n\n\n<figure class=\"wp-block-image size-large\"><img loading=\"lazy\" decoding=\"async\" width=\"1024\" height=\"768\" data-id=\"1858\" src=\"https:\/\/www.dvg-lsa.de\/wp-content\/uploads\/2025\/05\/3-1-mobile-ILS-ohne-Personen-1024x768.jpg\" alt=\"\" class=\"wp-image-1858\" srcset=\"https:\/\/www.dvg-lsa.de\/wp-content\/uploads\/2025\/05\/3-1-mobile-ILS-ohne-Personen-1024x768.jpg 1024w, https:\/\/www.dvg-lsa.de\/wp-content\/uploads\/2025\/05\/3-1-mobile-ILS-ohne-Personen-300x225.jpg 300w, https:\/\/www.dvg-lsa.de\/wp-content\/uploads\/2025\/05\/3-1-mobile-ILS-ohne-Personen-768x576.jpg 768w, https:\/\/www.dvg-lsa.de\/wp-content\/uploads\/2025\/05\/3-1-mobile-ILS-ohne-Personen-1536x1152.jpg 1536w, https:\/\/www.dvg-lsa.de\/wp-content\/uploads\/2025\/05\/3-1-mobile-ILS-ohne-Personen.jpg 2048w\" sizes=\"auto, (max-width: 1024px) 100vw, 1024px\" \/><\/figure>\n\n\n\n<figure class=\"wp-block-image size-large\"><img loading=\"lazy\" decoding=\"async\" width=\"1024\" height=\"768\" data-id=\"1857\" src=\"https:\/\/www.dvg-lsa.de\/wp-content\/uploads\/2025\/05\/5-in-der-ILS-Familie-1024x768.jpg\" alt=\"\" class=\"wp-image-1857\" srcset=\"https:\/\/www.dvg-lsa.de\/wp-content\/uploads\/2025\/05\/5-in-der-ILS-Familie-1024x768.jpg 1024w, https:\/\/www.dvg-lsa.de\/wp-content\/uploads\/2025\/05\/5-in-der-ILS-Familie-300x225.jpg 300w, https:\/\/www.dvg-lsa.de\/wp-content\/uploads\/2025\/05\/5-in-der-ILS-Familie-768x576.jpg 768w, https:\/\/www.dvg-lsa.de\/wp-content\/uploads\/2025\/05\/5-in-der-ILS-Familie-1536x1152.jpg 1536w, https:\/\/www.dvg-lsa.de\/wp-content\/uploads\/2025\/05\/5-in-der-ILS-Familie.jpg 2048w\" sizes=\"auto, (max-width: 1024px) 100vw, 1024px\" \/><\/figure>\n\n\n\n<figure class=\"wp-block-image size-large\"><img loading=\"lazy\" decoding=\"async\" width=\"1024\" height=\"768\" data-id=\"1859\" src=\"https:\/\/www.dvg-lsa.de\/wp-content\/uploads\/2025\/05\/6-1024x768.jpg\" alt=\"\" class=\"wp-image-1859\" srcset=\"https:\/\/www.dvg-lsa.de\/wp-content\/uploads\/2025\/05\/6-1024x768.jpg 1024w, https:\/\/www.dvg-lsa.de\/wp-content\/uploads\/2025\/05\/6-300x225.jpg 300w, https:\/\/www.dvg-lsa.de\/wp-content\/uploads\/2025\/05\/6-768x576.jpg 768w, https:\/\/www.dvg-lsa.de\/wp-content\/uploads\/2025\/05\/6-1536x1152.jpg 1536w, https:\/\/www.dvg-lsa.de\/wp-content\/uploads\/2025\/05\/6.jpg 2048w\" sizes=\"auto, (max-width: 1024px) 100vw, 1024px\" \/><\/figure>\n\n\n\n<figure class=\"wp-block-image size-large\"><img loading=\"lazy\" decoding=\"async\" width=\"1024\" height=\"461\" data-id=\"1860\" src=\"https:\/\/www.dvg-lsa.de\/wp-content\/uploads\/2025\/05\/mobile-ILS-mit-Personen-1024x461.jpg\" alt=\"\" class=\"wp-image-1860\" srcset=\"https:\/\/www.dvg-lsa.de\/wp-content\/uploads\/2025\/05\/mobile-ILS-mit-Personen-1024x461.jpg 1024w, https:\/\/www.dvg-lsa.de\/wp-content\/uploads\/2025\/05\/mobile-ILS-mit-Personen-300x135.jpg 300w, https:\/\/www.dvg-lsa.de\/wp-content\/uploads\/2025\/05\/mobile-ILS-mit-Personen-768x346.jpg 768w, https:\/\/www.dvg-lsa.de\/wp-content\/uploads\/2025\/05\/mobile-ILS-mit-Personen-1536x691.jpg 1536w, https:\/\/www.dvg-lsa.de\/wp-content\/uploads\/2025\/05\/mobile-ILS-mit-Personen.jpg 1600w\" sizes=\"auto, (max-width: 1024px) 100vw, 1024px\" \/><\/figure>\n<\/figure>\n\n\n\n<p>Der Erste-Hilfe-Kurs ist bei einigen DVG-Mitgliedern schon eine ganze Weile her. Deshalb haben wir noch einmal unsere Kenntnisse aufgefrischt und an einer Puppe Wiederbelebungsma\u00dfnahmen ge\u00fcbt, damit es dann im Ernstfall klappt. Beherzt und ohne Ber\u00fchrungs\u00e4ngste haben dabei auch die kleinsten Besucher unseres Familientages mit Hand angelegt. Die stabile Seitenlage wurde am praktischen Beispiel noch einmal in Erinnerung gerufen.<\/p>\n\n\n\n<figure class=\"wp-block-gallery has-nested-images columns-default is-cropped wp-block-gallery-7 is-layout-flex wp-block-gallery-is-layout-flex\">\n<figure class=\"wp-block-image size-large\"><img loading=\"lazy\" decoding=\"async\" width=\"768\" height=\"1024\" data-id=\"1864\" src=\"https:\/\/www.dvg-lsa.de\/wp-content\/uploads\/2025\/05\/1-erste-Hilfe-Dirk-768x1024.jpg\" alt=\"\" class=\"wp-image-1864\" srcset=\"https:\/\/www.dvg-lsa.de\/wp-content\/uploads\/2025\/05\/1-erste-Hilfe-Dirk-768x1024.jpg 768w, https:\/\/www.dvg-lsa.de\/wp-content\/uploads\/2025\/05\/1-erste-Hilfe-Dirk-225x300.jpg 225w, https:\/\/www.dvg-lsa.de\/wp-content\/uploads\/2025\/05\/1-erste-Hilfe-Dirk-1152x1536.jpg 1152w, https:\/\/www.dvg-lsa.de\/wp-content\/uploads\/2025\/05\/1-erste-Hilfe-Dirk-1536x2048.jpg 1536w, https:\/\/www.dvg-lsa.de\/wp-content\/uploads\/2025\/05\/1-erste-Hilfe-Dirk-scaled.jpg 1920w\" sizes=\"auto, (max-width: 768px) 100vw, 768px\" \/><\/figure>\n\n\n\n<figure class=\"wp-block-image size-large\"><img loading=\"lazy\" decoding=\"async\" width=\"768\" height=\"1024\" data-id=\"1862\" src=\"https:\/\/www.dvg-lsa.de\/wp-content\/uploads\/2025\/05\/2-1-768x1024.jpg\" alt=\"\" class=\"wp-image-1862\" srcset=\"https:\/\/www.dvg-lsa.de\/wp-content\/uploads\/2025\/05\/2-1-768x1024.jpg 768w, https:\/\/www.dvg-lsa.de\/wp-content\/uploads\/2025\/05\/2-1-225x300.jpg 225w, https:\/\/www.dvg-lsa.de\/wp-content\/uploads\/2025\/05\/2-1-1152x1536.jpg 1152w, https:\/\/www.dvg-lsa.de\/wp-content\/uploads\/2025\/05\/2-1.jpg 1536w\" sizes=\"auto, (max-width: 768px) 100vw, 768px\" \/><\/figure>\n\n\n\n<figure class=\"wp-block-image size-large\"><img loading=\"lazy\" decoding=\"async\" width=\"768\" height=\"1024\" data-id=\"1863\" src=\"https:\/\/www.dvg-lsa.de\/wp-content\/uploads\/2025\/05\/3-erste-Hilfe-Ole-768x1024.jpg\" alt=\"\" class=\"wp-image-1863\" srcset=\"https:\/\/www.dvg-lsa.de\/wp-content\/uploads\/2025\/05\/3-erste-Hilfe-Ole-768x1024.jpg 768w, https:\/\/www.dvg-lsa.de\/wp-content\/uploads\/2025\/05\/3-erste-Hilfe-Ole-225x300.jpg 225w, https:\/\/www.dvg-lsa.de\/wp-content\/uploads\/2025\/05\/3-erste-Hilfe-Ole-1152x1536.jpg 1152w, https:\/\/www.dvg-lsa.de\/wp-content\/uploads\/2025\/05\/3-erste-Hilfe-Ole.jpg 1536w\" sizes=\"auto, (max-width: 768px) 100vw, 768px\" \/><\/figure>\n\n\n\n<figure class=\"wp-block-image size-large\"><img loading=\"lazy\" decoding=\"async\" width=\"768\" height=\"1024\" data-id=\"1866\" src=\"https:\/\/www.dvg-lsa.de\/wp-content\/uploads\/2025\/05\/4-Stabile-Seitenlage-768x1024.jpg\" alt=\"\" class=\"wp-image-1866\" srcset=\"https:\/\/www.dvg-lsa.de\/wp-content\/uploads\/2025\/05\/4-Stabile-Seitenlage-768x1024.jpg 768w, https:\/\/www.dvg-lsa.de\/wp-content\/uploads\/2025\/05\/4-Stabile-Seitenlage-225x300.jpg 225w, https:\/\/www.dvg-lsa.de\/wp-content\/uploads\/2025\/05\/4-Stabile-Seitenlage-1152x1536.jpg 1152w, https:\/\/www.dvg-lsa.de\/wp-content\/uploads\/2025\/05\/4-Stabile-Seitenlage-1536x2048.jpg 1536w, https:\/\/www.dvg-lsa.de\/wp-content\/uploads\/2025\/05\/4-Stabile-Seitenlage-scaled.jpg 1920w\" sizes=\"auto, (max-width: 768px) 100vw, 768px\" \/><\/figure>\n\n\n\n<figure class=\"wp-block-image size-large\"><img loading=\"lazy\" decoding=\"async\" width=\"1024\" height=\"768\" data-id=\"1867\" src=\"https:\/\/www.dvg-lsa.de\/wp-content\/uploads\/2025\/05\/5-erste-Hilfe-stabile-Seitenlage-2-1024x768.jpg\" alt=\"\" class=\"wp-image-1867\" srcset=\"https:\/\/www.dvg-lsa.de\/wp-content\/uploads\/2025\/05\/5-erste-Hilfe-stabile-Seitenlage-2-1024x768.jpg 1024w, https:\/\/www.dvg-lsa.de\/wp-content\/uploads\/2025\/05\/5-erste-Hilfe-stabile-Seitenlage-2-300x225.jpg 300w, https:\/\/www.dvg-lsa.de\/wp-content\/uploads\/2025\/05\/5-erste-Hilfe-stabile-Seitenlage-2-768x576.jpg 768w, https:\/\/www.dvg-lsa.de\/wp-content\/uploads\/2025\/05\/5-erste-Hilfe-stabile-Seitenlage-2-1536x1152.jpg 1536w, https:\/\/www.dvg-lsa.de\/wp-content\/uploads\/2025\/05\/5-erste-Hilfe-stabile-Seitenlage-2-2048x1536.jpg 2048w\" sizes=\"auto, (max-width: 1024px) 100vw, 1024px\" \/><\/figure>\n\n\n\n<figure class=\"wp-block-image size-large\"><img loading=\"lazy\" decoding=\"async\" width=\"768\" height=\"1024\" data-id=\"1865\" src=\"https:\/\/www.dvg-lsa.de\/wp-content\/uploads\/2025\/05\/6-Kind-erste-Hilfe-mit-Papa-768x1024.jpg\" alt=\"\" class=\"wp-image-1865\" srcset=\"https:\/\/www.dvg-lsa.de\/wp-content\/uploads\/2025\/05\/6-Kind-erste-Hilfe-mit-Papa-768x1024.jpg 768w, https:\/\/www.dvg-lsa.de\/wp-content\/uploads\/2025\/05\/6-Kind-erste-Hilfe-mit-Papa-225x300.jpg 225w, https:\/\/www.dvg-lsa.de\/wp-content\/uploads\/2025\/05\/6-Kind-erste-Hilfe-mit-Papa-1152x1536.jpg 1152w, https:\/\/www.dvg-lsa.de\/wp-content\/uploads\/2025\/05\/6-Kind-erste-Hilfe-mit-Papa-1536x2048.jpg 1536w, https:\/\/www.dvg-lsa.de\/wp-content\/uploads\/2025\/05\/6-Kind-erste-Hilfe-mit-Papa-scaled.jpg 1920w\" sizes=\"auto, (max-width: 768px) 100vw, 768px\" \/><\/figure>\n\n\n\n<figure class=\"wp-block-image size-large\"><img loading=\"lazy\" decoding=\"async\" width=\"861\" height=\"1024\" data-id=\"1868\" src=\"https:\/\/www.dvg-lsa.de\/wp-content\/uploads\/2025\/05\/7-Erste-Hilfe-2-861x1024.jpg\" alt=\"\" class=\"wp-image-1868\" srcset=\"https:\/\/www.dvg-lsa.de\/wp-content\/uploads\/2025\/05\/7-Erste-Hilfe-2-861x1024.jpg 861w, https:\/\/www.dvg-lsa.de\/wp-content\/uploads\/2025\/05\/7-Erste-Hilfe-2-252x300.jpg 252w, https:\/\/www.dvg-lsa.de\/wp-content\/uploads\/2025\/05\/7-Erste-Hilfe-2-768x913.jpg 768w, https:\/\/www.dvg-lsa.de\/wp-content\/uploads\/2025\/05\/7-Erste-Hilfe-2-1292x1536.jpg 1292w, https:\/\/www.dvg-lsa.de\/wp-content\/uploads\/2025\/05\/7-Erste-Hilfe-2-1722x2048.jpg 1722w\" sizes=\"auto, (max-width: 861px) 100vw, 861px\" \/><\/figure>\n\n\n\n<figure class=\"wp-block-image size-large\"><img loading=\"lazy\" decoding=\"async\" width=\"1024\" height=\"768\" data-id=\"1870\" src=\"https:\/\/www.dvg-lsa.de\/wp-content\/uploads\/2025\/05\/8-erste-Hilfe-Kind-3-1024x768.jpg\" alt=\"\" class=\"wp-image-1870\" srcset=\"https:\/\/www.dvg-lsa.de\/wp-content\/uploads\/2025\/05\/8-erste-Hilfe-Kind-3-1024x768.jpg 1024w, https:\/\/www.dvg-lsa.de\/wp-content\/uploads\/2025\/05\/8-erste-Hilfe-Kind-3-300x225.jpg 300w, https:\/\/www.dvg-lsa.de\/wp-content\/uploads\/2025\/05\/8-erste-Hilfe-Kind-3-768x576.jpg 768w, https:\/\/www.dvg-lsa.de\/wp-content\/uploads\/2025\/05\/8-erste-Hilfe-Kind-3-1536x1152.jpg 1536w, https:\/\/www.dvg-lsa.de\/wp-content\/uploads\/2025\/05\/8-erste-Hilfe-Kind-3-2048x1536.jpg 2048w\" sizes=\"auto, (max-width: 1024px) 100vw, 1024px\" \/><\/figure>\n\n\n\n<figure class=\"wp-block-image size-large\"><img loading=\"lazy\" decoding=\"async\" width=\"461\" height=\"1024\" data-id=\"1869\" src=\"https:\/\/www.dvg-lsa.de\/wp-content\/uploads\/2025\/05\/9-Petra-erste-Hilfe-461x1024.jpg\" alt=\"\" class=\"wp-image-1869\" srcset=\"https:\/\/www.dvg-lsa.de\/wp-content\/uploads\/2025\/05\/9-Petra-erste-Hilfe-461x1024.jpg 461w, https:\/\/www.dvg-lsa.de\/wp-content\/uploads\/2025\/05\/9-Petra-erste-Hilfe-135x300.jpg 135w, https:\/\/www.dvg-lsa.de\/wp-content\/uploads\/2025\/05\/9-Petra-erste-Hilfe-768x1705.jpg 768w, https:\/\/www.dvg-lsa.de\/wp-content\/uploads\/2025\/05\/9-Petra-erste-Hilfe-692x1536.jpg 692w, https:\/\/www.dvg-lsa.de\/wp-content\/uploads\/2025\/05\/9-Petra-erste-Hilfe.jpg 908w\" sizes=\"auto, (max-width: 461px) 100vw, 461px\" \/><\/figure>\n<\/figure>\n\n\n\n<p>Mehrfach f\u00fchrte uns der Weg durch die Fahrzeughalle. Auch hier gab es interessante Entdeckungen, zum Beispiel dass die Rutschstangen tats\u00e4chlich existieren und diese auch rege genutzt werden. Und f\u00fcr einige DVG Mitglieder ging ein Kindheitstraum in Erf\u00fcllung, als sie in ein Einsatzfahrzeug einsteigen durften.<\/p>\n\n\n\n<figure class=\"wp-block-image size-large\"><img loading=\"lazy\" decoding=\"async\" width=\"1024\" height=\"461\" src=\"https:\/\/www.dvg-lsa.de\/wp-content\/uploads\/2025\/05\/Bote-1-ohne-Christian-1024x461.jpg\" alt=\"\" class=\"wp-image-1887\" srcset=\"https:\/\/www.dvg-lsa.de\/wp-content\/uploads\/2025\/05\/Bote-1-ohne-Christian-1024x461.jpg 1024w, https:\/\/www.dvg-lsa.de\/wp-content\/uploads\/2025\/05\/Bote-1-ohne-Christian-300x135.jpg 300w, https:\/\/www.dvg-lsa.de\/wp-content\/uploads\/2025\/05\/Bote-1-ohne-Christian-768x346.jpg 768w, https:\/\/www.dvg-lsa.de\/wp-content\/uploads\/2025\/05\/Bote-1-ohne-Christian-1536x691.jpg 1536w, https:\/\/www.dvg-lsa.de\/wp-content\/uploads\/2025\/05\/Bote-1-ohne-Christian.jpg 1600w\" sizes=\"auto, (max-width: 1024px) 100vw, 1024px\" \/><\/figure>\n\n\n\n<figure class=\"wp-block-gallery has-nested-images columns-default is-cropped wp-block-gallery-8 is-layout-flex wp-block-gallery-is-layout-flex\">\n<figure class=\"wp-block-image size-large\"><img loading=\"lazy\" decoding=\"async\" width=\"768\" height=\"1024\" data-id=\"1890\" src=\"https:\/\/www.dvg-lsa.de\/wp-content\/uploads\/2025\/05\/Christian-im-Fahrzeug-768x1024.jpg\" alt=\"\" class=\"wp-image-1890\" srcset=\"https:\/\/www.dvg-lsa.de\/wp-content\/uploads\/2025\/05\/Christian-im-Fahrzeug-768x1024.jpg 768w, https:\/\/www.dvg-lsa.de\/wp-content\/uploads\/2025\/05\/Christian-im-Fahrzeug-225x300.jpg 225w, https:\/\/www.dvg-lsa.de\/wp-content\/uploads\/2025\/05\/Christian-im-Fahrzeug-1152x1536.jpg 1152w, https:\/\/www.dvg-lsa.de\/wp-content\/uploads\/2025\/05\/Christian-im-Fahrzeug.jpg 1500w\" sizes=\"auto, (max-width: 768px) 100vw, 768px\" \/><\/figure>\n\n\n\n<figure class=\"wp-block-image size-large\"><img loading=\"lazy\" decoding=\"async\" width=\"768\" height=\"1024\" data-id=\"1888\" src=\"https:\/\/www.dvg-lsa.de\/wp-content\/uploads\/2025\/05\/Christian-im-Boot-2-768x1024.jpg\" alt=\"\" class=\"wp-image-1888\" srcset=\"https:\/\/www.dvg-lsa.de\/wp-content\/uploads\/2025\/05\/Christian-im-Boot-2-768x1024.jpg 768w, https:\/\/www.dvg-lsa.de\/wp-content\/uploads\/2025\/05\/Christian-im-Boot-2-225x300.jpg 225w, https:\/\/www.dvg-lsa.de\/wp-content\/uploads\/2025\/05\/Christian-im-Boot-2-1152x1536.jpg 1152w, https:\/\/www.dvg-lsa.de\/wp-content\/uploads\/2025\/05\/Christian-im-Boot-2.jpg 1500w\" sizes=\"auto, (max-width: 768px) 100vw, 768px\" \/><\/figure>\n\n\n\n<figure class=\"wp-block-image size-large\"><img loading=\"lazy\" decoding=\"async\" width=\"768\" height=\"1024\" data-id=\"1892\" src=\"https:\/\/www.dvg-lsa.de\/wp-content\/uploads\/2025\/05\/Fahrzeughalle-2-768x1024.jpg\" alt=\"\" class=\"wp-image-1892\" srcset=\"https:\/\/www.dvg-lsa.de\/wp-content\/uploads\/2025\/05\/Fahrzeughalle-2-768x1024.jpg 768w, https:\/\/www.dvg-lsa.de\/wp-content\/uploads\/2025\/05\/Fahrzeughalle-2-225x300.jpg 225w, https:\/\/www.dvg-lsa.de\/wp-content\/uploads\/2025\/05\/Fahrzeughalle-2-1152x1536.jpg 1152w, https:\/\/www.dvg-lsa.de\/wp-content\/uploads\/2025\/05\/Fahrzeughalle-2.jpg 1529w\" sizes=\"auto, (max-width: 768px) 100vw, 768px\" \/><\/figure>\n\n\n\n<figure class=\"wp-block-image size-large\"><img loading=\"lazy\" decoding=\"async\" width=\"705\" height=\"1024\" data-id=\"1901\" src=\"https:\/\/www.dvg-lsa.de\/wp-content\/uploads\/2025\/05\/Feuerwehrautoauto-mit-KInd-705x1024.jpg\" alt=\"\" class=\"wp-image-1901\" srcset=\"https:\/\/www.dvg-lsa.de\/wp-content\/uploads\/2025\/05\/Feuerwehrautoauto-mit-KInd-705x1024.jpg 705w, https:\/\/www.dvg-lsa.de\/wp-content\/uploads\/2025\/05\/Feuerwehrautoauto-mit-KInd-206x300.jpg 206w, https:\/\/www.dvg-lsa.de\/wp-content\/uploads\/2025\/05\/Feuerwehrautoauto-mit-KInd-768x1116.jpg 768w, https:\/\/www.dvg-lsa.de\/wp-content\/uploads\/2025\/05\/Feuerwehrautoauto-mit-KInd-1057x1536.jpg 1057w, https:\/\/www.dvg-lsa.de\/wp-content\/uploads\/2025\/05\/Feuerwehrautoauto-mit-KInd-1409x2048.jpg 1409w, https:\/\/www.dvg-lsa.de\/wp-content\/uploads\/2025\/05\/Feuerwehrautoauto-mit-KInd-scaled.jpg 1761w\" sizes=\"auto, (max-width: 705px) 100vw, 705px\" \/><\/figure>\n\n\n\n<figure class=\"wp-block-image size-large\"><img loading=\"lazy\" decoding=\"async\" width=\"461\" height=\"1024\" data-id=\"1897\" src=\"https:\/\/www.dvg-lsa.de\/wp-content\/uploads\/2025\/05\/Petra-im-Auto-mit-KInd-461x1024.jpg\" alt=\"\" class=\"wp-image-1897\" srcset=\"https:\/\/www.dvg-lsa.de\/wp-content\/uploads\/2025\/05\/Petra-im-Auto-mit-KInd-461x1024.jpg 461w, https:\/\/www.dvg-lsa.de\/wp-content\/uploads\/2025\/05\/Petra-im-Auto-mit-KInd-135x300.jpg 135w, https:\/\/www.dvg-lsa.de\/wp-content\/uploads\/2025\/05\/Petra-im-Auto-mit-KInd-691x1536.jpg 691w, https:\/\/www.dvg-lsa.de\/wp-content\/uploads\/2025\/05\/Petra-im-Auto-mit-KInd.jpg 720w\" sizes=\"auto, (max-width: 461px) 100vw, 461px\" \/><\/figure>\n\n\n\n<figure class=\"wp-block-image size-large\"><img loading=\"lazy\" decoding=\"async\" width=\"1024\" height=\"768\" data-id=\"1898\" src=\"https:\/\/www.dvg-lsa.de\/wp-content\/uploads\/2025\/05\/in-der-Werkstatt-mit-Fahrzeugen-1024x768.jpg\" alt=\"\" class=\"wp-image-1898\" srcset=\"https:\/\/www.dvg-lsa.de\/wp-content\/uploads\/2025\/05\/in-der-Werkstatt-mit-Fahrzeugen-1024x768.jpg 1024w, https:\/\/www.dvg-lsa.de\/wp-content\/uploads\/2025\/05\/in-der-Werkstatt-mit-Fahrzeugen-300x225.jpg 300w, https:\/\/www.dvg-lsa.de\/wp-content\/uploads\/2025\/05\/in-der-Werkstatt-mit-Fahrzeugen-768x576.jpg 768w, https:\/\/www.dvg-lsa.de\/wp-content\/uploads\/2025\/05\/in-der-Werkstatt-mit-Fahrzeugen-1536x1152.jpg 1536w, https:\/\/www.dvg-lsa.de\/wp-content\/uploads\/2025\/05\/in-der-Werkstatt-mit-Fahrzeugen.jpg 2048w\" sizes=\"auto, (max-width: 1024px) 100vw, 1024px\" \/><\/figure>\n\n\n\n<figure class=\"wp-block-image alignwide size-large\"><img loading=\"lazy\" decoding=\"async\" width=\"1024\" height=\"768\" data-id=\"1896\" src=\"https:\/\/www.dvg-lsa.de\/wp-content\/uploads\/2025\/05\/im-Auto-1-1024x768.jpg\" alt=\"\" class=\"wp-image-1896\" srcset=\"https:\/\/www.dvg-lsa.de\/wp-content\/uploads\/2025\/05\/im-Auto-1-1024x768.jpg 1024w, https:\/\/www.dvg-lsa.de\/wp-content\/uploads\/2025\/05\/im-Auto-1-300x225.jpg 300w, https:\/\/www.dvg-lsa.de\/wp-content\/uploads\/2025\/05\/im-Auto-1-768x576.jpg 768w, https:\/\/www.dvg-lsa.de\/wp-content\/uploads\/2025\/05\/im-Auto-1-1536x1152.jpg 1536w, https:\/\/www.dvg-lsa.de\/wp-content\/uploads\/2025\/05\/im-Auto-1.jpg 2048w\" sizes=\"auto, (max-width: 1024px) 100vw, 1024px\" \/><\/figure>\n<\/figure>\n\n\n\n<figure class=\"wp-block-gallery has-nested-images columns-default is-cropped wp-block-gallery-9 is-layout-flex wp-block-gallery-is-layout-flex\">\n<figure class=\"wp-block-image size-large\"><img loading=\"lazy\" decoding=\"async\" width=\"902\" height=\"1024\" data-id=\"1900\" src=\"https:\/\/www.dvg-lsa.de\/wp-content\/uploads\/2025\/05\/Rutschstange-902x1024.jpg\" alt=\"\" class=\"wp-image-1900\" srcset=\"https:\/\/www.dvg-lsa.de\/wp-content\/uploads\/2025\/05\/Rutschstange-902x1024.jpg 902w, https:\/\/www.dvg-lsa.de\/wp-content\/uploads\/2025\/05\/Rutschstange-264x300.jpg 264w, https:\/\/www.dvg-lsa.de\/wp-content\/uploads\/2025\/05\/Rutschstange-768x872.jpg 768w, https:\/\/www.dvg-lsa.de\/wp-content\/uploads\/2025\/05\/Rutschstange-1353x1536.jpg 1353w, https:\/\/www.dvg-lsa.de\/wp-content\/uploads\/2025\/05\/Rutschstange.jpg 1530w\" sizes=\"auto, (max-width: 902px) 100vw, 902px\" \/><\/figure>\n\n\n\n<figure class=\"wp-block-image size-large\"><img loading=\"lazy\" decoding=\"async\" width=\"768\" height=\"1024\" data-id=\"1902\" src=\"https:\/\/www.dvg-lsa.de\/wp-content\/uploads\/2025\/05\/Enkel-Anke-Heine-an-der-Rutschstange-768x1024.jpg\" alt=\"\" class=\"wp-image-1902\" srcset=\"https:\/\/www.dvg-lsa.de\/wp-content\/uploads\/2025\/05\/Enkel-Anke-Heine-an-der-Rutschstange-768x1024.jpg 768w, https:\/\/www.dvg-lsa.de\/wp-content\/uploads\/2025\/05\/Enkel-Anke-Heine-an-der-Rutschstange-225x300.jpg 225w, https:\/\/www.dvg-lsa.de\/wp-content\/uploads\/2025\/05\/Enkel-Anke-Heine-an-der-Rutschstange-1152x1536.jpg 1152w, https:\/\/www.dvg-lsa.de\/wp-content\/uploads\/2025\/05\/Enkel-Anke-Heine-an-der-Rutschstange-1536x2048.jpg 1536w, https:\/\/www.dvg-lsa.de\/wp-content\/uploads\/2025\/05\/Enkel-Anke-Heine-an-der-Rutschstange-scaled.jpg 1920w\" sizes=\"auto, (max-width: 768px) 100vw, 768px\" \/><\/figure>\n\n\n\n<figure class=\"wp-block-image size-large\"><img loading=\"lazy\" decoding=\"async\" width=\"768\" height=\"1024\" data-id=\"1905\" src=\"https:\/\/www.dvg-lsa.de\/wp-content\/uploads\/2025\/05\/Fotos-Anke-Heine-Enkel-am-Fahrzeug-768x1024.jpg\" alt=\"\" class=\"wp-image-1905\" srcset=\"https:\/\/www.dvg-lsa.de\/wp-content\/uploads\/2025\/05\/Fotos-Anke-Heine-Enkel-am-Fahrzeug-768x1024.jpg 768w, https:\/\/www.dvg-lsa.de\/wp-content\/uploads\/2025\/05\/Fotos-Anke-Heine-Enkel-am-Fahrzeug-225x300.jpg 225w, https:\/\/www.dvg-lsa.de\/wp-content\/uploads\/2025\/05\/Fotos-Anke-Heine-Enkel-am-Fahrzeug-1152x1536.jpg 1152w, https:\/\/www.dvg-lsa.de\/wp-content\/uploads\/2025\/05\/Fotos-Anke-Heine-Enkel-am-Fahrzeug-1536x2048.jpg 1536w, https:\/\/www.dvg-lsa.de\/wp-content\/uploads\/2025\/05\/Fotos-Anke-Heine-Enkel-am-Fahrzeug-scaled.jpg 1920w\" sizes=\"auto, (max-width: 768px) 100vw, 768px\" \/><\/figure>\n<\/figure>\n\n\n\n<figure class=\"wp-block-image size-large\"><img loading=\"lazy\" decoding=\"async\" width=\"1024\" height=\"461\" src=\"https:\/\/www.dvg-lsa.de\/wp-content\/uploads\/2025\/05\/Reparaturbuehne-1-1024x461.jpg\" alt=\"\" class=\"wp-image-1904\" srcset=\"https:\/\/www.dvg-lsa.de\/wp-content\/uploads\/2025\/05\/Reparaturbuehne-1-1024x461.jpg 1024w, https:\/\/www.dvg-lsa.de\/wp-content\/uploads\/2025\/05\/Reparaturbuehne-1-300x135.jpg 300w, https:\/\/www.dvg-lsa.de\/wp-content\/uploads\/2025\/05\/Reparaturbuehne-1-768x346.jpg 768w, https:\/\/www.dvg-lsa.de\/wp-content\/uploads\/2025\/05\/Reparaturbuehne-1-1536x691.jpg 1536w, https:\/\/www.dvg-lsa.de\/wp-content\/uploads\/2025\/05\/Reparaturbuehne-1.jpg 1600w\" sizes=\"auto, (max-width: 1024px) 100vw, 1024px\" \/><\/figure>\n\n\n\n<p class=\"has-text-align-left\">Nach so vielen Informationen und k\u00f6rperlicher Bet\u00e4tigung war die Freude auf das Mittagessen gro\u00df. Wir durften am selbst gekochten Mahl der diensthabenden Wachabteilung teilnehmen. Daf\u00fcr noch einmal herzlichen Dank an die Kochmannschaft! Durch die DVG wurde zus\u00e4tzlich eine K\u00fcchenunterst\u00fctzung gestellt, denn die Portionsmenge war auch f\u00fcr die Berufsfeuerwehr nicht allt\u00e4glich. Nudeln mit Tomatenso\u00dfe &#8211; ein Feuerwehrklassiker &#8211; stand auf dem Speiseplan. F\u00fcr die richtige W\u00fcrze muss das Essen in einer Kittelsch\u00fcrze aus Dederon zubereitet werden, was manche DVG-Mitglieder weit entfernt an ihre Kindheit und die Erfahrungen in der Schulk\u00fcche erinnerte \ud83d\ude09<\/p>\n\n\n\n<figure class=\"wp-block-image size-large\"><img loading=\"lazy\" decoding=\"async\" width=\"1024\" height=\"768\" src=\"https:\/\/www.dvg-lsa.de\/wp-content\/uploads\/2025\/05\/1-Koch-1-1-1024x768.jpg\" alt=\"\" class=\"wp-image-1877\" srcset=\"https:\/\/www.dvg-lsa.de\/wp-content\/uploads\/2025\/05\/1-Koch-1-1-1024x768.jpg 1024w, https:\/\/www.dvg-lsa.de\/wp-content\/uploads\/2025\/05\/1-Koch-1-1-300x225.jpg 300w, https:\/\/www.dvg-lsa.de\/wp-content\/uploads\/2025\/05\/1-Koch-1-1-768x576.jpg 768w, https:\/\/www.dvg-lsa.de\/wp-content\/uploads\/2025\/05\/1-Koch-1-1-1536x1152.jpg 1536w, https:\/\/www.dvg-lsa.de\/wp-content\/uploads\/2025\/05\/1-Koch-1-1-2048x1536.jpg 2048w\" sizes=\"auto, (max-width: 1024px) 100vw, 1024px\" \/><\/figure>\n\n\n\n<figure class=\"wp-block-gallery has-nested-images columns-default is-cropped wp-block-gallery-10 is-layout-flex wp-block-gallery-is-layout-flex\">\n<figure class=\"wp-block-image size-large\"><img loading=\"lazy\" decoding=\"async\" width=\"768\" height=\"1024\" data-id=\"1876\" src=\"https:\/\/www.dvg-lsa.de\/wp-content\/uploads\/2025\/05\/2-Koch-3-1-768x1024.jpg\" alt=\"\" class=\"wp-image-1876\" srcset=\"https:\/\/www.dvg-lsa.de\/wp-content\/uploads\/2025\/05\/2-Koch-3-1-768x1024.jpg 768w, https:\/\/www.dvg-lsa.de\/wp-content\/uploads\/2025\/05\/2-Koch-3-1-225x300.jpg 225w, https:\/\/www.dvg-lsa.de\/wp-content\/uploads\/2025\/05\/2-Koch-3-1-1152x1536.jpg 1152w, https:\/\/www.dvg-lsa.de\/wp-content\/uploads\/2025\/05\/2-Koch-3-1-1536x2048.jpg 1536w, https:\/\/www.dvg-lsa.de\/wp-content\/uploads\/2025\/05\/2-Koch-3-1-scaled.jpg 1920w\" sizes=\"auto, (max-width: 768px) 100vw, 768px\" \/><\/figure>\n\n\n\n<figure class=\"wp-block-image size-large\"><img loading=\"lazy\" decoding=\"async\" width=\"768\" height=\"1024\" data-id=\"1878\" src=\"https:\/\/www.dvg-lsa.de\/wp-content\/uploads\/2025\/05\/3-Maxi-mit-Kittelschuerze-1-768x1024.jpg\" alt=\"\" class=\"wp-image-1878\" srcset=\"https:\/\/www.dvg-lsa.de\/wp-content\/uploads\/2025\/05\/3-Maxi-mit-Kittelschuerze-1-768x1024.jpg 768w, https:\/\/www.dvg-lsa.de\/wp-content\/uploads\/2025\/05\/3-Maxi-mit-Kittelschuerze-1-225x300.jpg 225w, https:\/\/www.dvg-lsa.de\/wp-content\/uploads\/2025\/05\/3-Maxi-mit-Kittelschuerze-1-1152x1536.jpg 1152w, https:\/\/www.dvg-lsa.de\/wp-content\/uploads\/2025\/05\/3-Maxi-mit-Kittelschuerze-1-1536x2048.jpg 1536w, https:\/\/www.dvg-lsa.de\/wp-content\/uploads\/2025\/05\/3-Maxi-mit-Kittelschuerze-1-scaled.jpg 1920w\" sizes=\"auto, (max-width: 768px) 100vw, 768px\" \/><\/figure>\n\n\n\n<figure class=\"wp-block-image size-large\"><img loading=\"lazy\" decoding=\"async\" width=\"768\" height=\"1024\" data-id=\"1875\" src=\"https:\/\/www.dvg-lsa.de\/wp-content\/uploads\/2025\/05\/Mittagessen-HansJuergen-Nonn-768x1024.jpg\" alt=\"\" class=\"wp-image-1875\" srcset=\"https:\/\/www.dvg-lsa.de\/wp-content\/uploads\/2025\/05\/Mittagessen-HansJuergen-Nonn-768x1024.jpg 768w, https:\/\/www.dvg-lsa.de\/wp-content\/uploads\/2025\/05\/Mittagessen-HansJuergen-Nonn-225x300.jpg 225w, https:\/\/www.dvg-lsa.de\/wp-content\/uploads\/2025\/05\/Mittagessen-HansJuergen-Nonn-1152x1536.jpg 1152w, https:\/\/www.dvg-lsa.de\/wp-content\/uploads\/2025\/05\/Mittagessen-HansJuergen-Nonn.jpg 1500w\" sizes=\"auto, (max-width: 768px) 100vw, 768px\" \/><\/figure>\n<\/figure>\n\n\n\n<figure class=\"wp-block-image size-large\"><img loading=\"lazy\" decoding=\"async\" width=\"1024\" height=\"768\" src=\"https:\/\/www.dvg-lsa.de\/wp-content\/uploads\/2025\/05\/Essen-1-1024x768.jpg\" alt=\"\" class=\"wp-image-1874\" srcset=\"https:\/\/www.dvg-lsa.de\/wp-content\/uploads\/2025\/05\/Essen-1-1024x768.jpg 1024w, https:\/\/www.dvg-lsa.de\/wp-content\/uploads\/2025\/05\/Essen-1-300x225.jpg 300w, https:\/\/www.dvg-lsa.de\/wp-content\/uploads\/2025\/05\/Essen-1-768x576.jpg 768w, https:\/\/www.dvg-lsa.de\/wp-content\/uploads\/2025\/05\/Essen-1-1536x1152.jpg 1536w, https:\/\/www.dvg-lsa.de\/wp-content\/uploads\/2025\/05\/Essen-1.jpg 2000w\" sizes=\"auto, (max-width: 1024px) 100vw, 1024px\" \/><\/figure>\n\n\n\n<p>In gem\u00fctlicher Runde mit leckerem Essen lie\u00dfen wir den DVG Familientag ausklingen. Dabei war noch Gelegenheit zum Gedankenaustausch \u00fcber die vielen Eindr\u00fccke von der t\u00e4glichen Arbeit in einer Berufsfeuerwehr. Vielleicht konnten wir an diesem Tag schon potentielle Nachwuchskr\u00e4fte begeistern. <\/p>\n\n\n\n<figure class=\"wp-block-gallery has-nested-images columns-default is-cropped wp-block-gallery-11 is-layout-flex wp-block-gallery-is-layout-flex\">\n<figure class=\"wp-block-image size-large\"><img loading=\"lazy\" decoding=\"async\" width=\"1024\" height=\"768\" data-id=\"1885\" src=\"https:\/\/www.dvg-lsa.de\/wp-content\/uploads\/2025\/05\/Mittagessen-Nachtisch-1024x768.jpg\" alt=\"\" class=\"wp-image-1885\" srcset=\"https:\/\/www.dvg-lsa.de\/wp-content\/uploads\/2025\/05\/Mittagessen-Nachtisch-1024x768.jpg 1024w, https:\/\/www.dvg-lsa.de\/wp-content\/uploads\/2025\/05\/Mittagessen-Nachtisch-300x225.jpg 300w, https:\/\/www.dvg-lsa.de\/wp-content\/uploads\/2025\/05\/Mittagessen-Nachtisch-768x576.jpg 768w, https:\/\/www.dvg-lsa.de\/wp-content\/uploads\/2025\/05\/Mittagessen-Nachtisch-1536x1152.jpg 1536w, https:\/\/www.dvg-lsa.de\/wp-content\/uploads\/2025\/05\/Mittagessen-Nachtisch.jpg 2000w\" sizes=\"auto, (max-width: 1024px) 100vw, 1024px\" \/><\/figure>\n\n\n\n<figure class=\"wp-block-image size-large\"><img loading=\"lazy\" decoding=\"async\" width=\"1024\" height=\"768\" data-id=\"1880\" src=\"https:\/\/www.dvg-lsa.de\/wp-content\/uploads\/2025\/05\/Essensraum-3-1024x768.jpg\" alt=\"\" class=\"wp-image-1880\" srcset=\"https:\/\/www.dvg-lsa.de\/wp-content\/uploads\/2025\/05\/Essensraum-3-1024x768.jpg 1024w, https:\/\/www.dvg-lsa.de\/wp-content\/uploads\/2025\/05\/Essensraum-3-300x225.jpg 300w, https:\/\/www.dvg-lsa.de\/wp-content\/uploads\/2025\/05\/Essensraum-3-768x576.jpg 768w, https:\/\/www.dvg-lsa.de\/wp-content\/uploads\/2025\/05\/Essensraum-3-1536x1152.jpg 1536w, https:\/\/www.dvg-lsa.de\/wp-content\/uploads\/2025\/05\/Essensraum-3.jpg 2000w\" sizes=\"auto, (max-width: 1024px) 100vw, 1024px\" \/><\/figure>\n\n\n\n<figure class=\"wp-block-image size-large\"><img loading=\"lazy\" decoding=\"async\" width=\"1024\" height=\"768\" data-id=\"1879\" src=\"https:\/\/www.dvg-lsa.de\/wp-content\/uploads\/2025\/05\/Essensraum-2-1024x768.jpg\" alt=\"\" class=\"wp-image-1879\" srcset=\"https:\/\/www.dvg-lsa.de\/wp-content\/uploads\/2025\/05\/Essensraum-2-1024x768.jpg 1024w, https:\/\/www.dvg-lsa.de\/wp-content\/uploads\/2025\/05\/Essensraum-2-300x225.jpg 300w, https:\/\/www.dvg-lsa.de\/wp-content\/uploads\/2025\/05\/Essensraum-2-768x576.jpg 768w, https:\/\/www.dvg-lsa.de\/wp-content\/uploads\/2025\/05\/Essensraum-2-1536x1152.jpg 1536w, https:\/\/www.dvg-lsa.de\/wp-content\/uploads\/2025\/05\/Essensraum-2.jpg 2000w\" sizes=\"auto, (max-width: 1024px) 100vw, 1024px\" \/><\/figure>\n\n\n\n<figure class=\"wp-block-image size-large is-style-default\"><img loading=\"lazy\" decoding=\"async\" width=\"1024\" height=\"768\" data-id=\"1881\" src=\"https:\/\/www.dvg-lsa.de\/wp-content\/uploads\/2025\/05\/Essensraum-4-1024x768.jpg\" alt=\"\" class=\"wp-image-1881\" srcset=\"https:\/\/www.dvg-lsa.de\/wp-content\/uploads\/2025\/05\/Essensraum-4-1024x768.jpg 1024w, https:\/\/www.dvg-lsa.de\/wp-content\/uploads\/2025\/05\/Essensraum-4-300x225.jpg 300w, https:\/\/www.dvg-lsa.de\/wp-content\/uploads\/2025\/05\/Essensraum-4-768x576.jpg 768w, https:\/\/www.dvg-lsa.de\/wp-content\/uploads\/2025\/05\/Essensraum-4-1536x1152.jpg 1536w, https:\/\/www.dvg-lsa.de\/wp-content\/uploads\/2025\/05\/Essensraum-4.jpg 2000w\" sizes=\"auto, (max-width: 1024px) 100vw, 1024px\" \/><\/figure>\n\n\n\n<figure class=\"wp-block-image size-large\"><img loading=\"lazy\" decoding=\"async\" width=\"1024\" height=\"768\" data-id=\"1884\" src=\"https:\/\/www.dvg-lsa.de\/wp-content\/uploads\/2025\/05\/Mittagessen-6-1024x768.jpg\" alt=\"\" class=\"wp-image-1884\" srcset=\"https:\/\/www.dvg-lsa.de\/wp-content\/uploads\/2025\/05\/Mittagessen-6-1024x768.jpg 1024w, https:\/\/www.dvg-lsa.de\/wp-content\/uploads\/2025\/05\/Mittagessen-6-300x225.jpg 300w, https:\/\/www.dvg-lsa.de\/wp-content\/uploads\/2025\/05\/Mittagessen-6-768x576.jpg 768w, https:\/\/www.dvg-lsa.de\/wp-content\/uploads\/2025\/05\/Mittagessen-6-1536x1152.jpg 1536w, https:\/\/www.dvg-lsa.de\/wp-content\/uploads\/2025\/05\/Mittagessen-6.jpg 2000w\" sizes=\"auto, (max-width: 1024px) 100vw, 1024px\" \/><\/figure>\n\n\n\n<figure class=\"wp-block-image size-large\"><img loading=\"lazy\" decoding=\"async\" width=\"1024\" height=\"768\" data-id=\"1882\" src=\"https:\/\/www.dvg-lsa.de\/wp-content\/uploads\/2025\/05\/Mittagessen-Michael-1024x768.jpg\" alt=\"\" class=\"wp-image-1882\" srcset=\"https:\/\/www.dvg-lsa.de\/wp-content\/uploads\/2025\/05\/Mittagessen-Michael-1024x768.jpg 1024w, https:\/\/www.dvg-lsa.de\/wp-content\/uploads\/2025\/05\/Mittagessen-Michael-300x225.jpg 300w, https:\/\/www.dvg-lsa.de\/wp-content\/uploads\/2025\/05\/Mittagessen-Michael-768x576.jpg 768w, https:\/\/www.dvg-lsa.de\/wp-content\/uploads\/2025\/05\/Mittagessen-Michael-1536x1152.jpg 1536w, https:\/\/www.dvg-lsa.de\/wp-content\/uploads\/2025\/05\/Mittagessen-Michael.jpg 2000w\" sizes=\"auto, (max-width: 1024px) 100vw, 1024px\" \/><\/figure>\n\n\n\n<figure class=\"wp-block-image size-large\"><img loading=\"lazy\" decoding=\"async\" width=\"1024\" height=\"768\" data-id=\"1886\" src=\"https:\/\/www.dvg-lsa.de\/wp-content\/uploads\/2025\/05\/Essen-2-1024x768.jpg\" alt=\"\" class=\"wp-image-1886\" srcset=\"https:\/\/www.dvg-lsa.de\/wp-content\/uploads\/2025\/05\/Essen-2-1024x768.jpg 1024w, https:\/\/www.dvg-lsa.de\/wp-content\/uploads\/2025\/05\/Essen-2-300x225.jpg 300w, https:\/\/www.dvg-lsa.de\/wp-content\/uploads\/2025\/05\/Essen-2-768x576.jpg 768w, https:\/\/www.dvg-lsa.de\/wp-content\/uploads\/2025\/05\/Essen-2-1536x1153.jpg 1536w, https:\/\/www.dvg-lsa.de\/wp-content\/uploads\/2025\/05\/Essen-2-2048x1537.jpg 2048w\" sizes=\"auto, (max-width: 1024px) 100vw, 1024px\" \/><\/figure>\n<\/figure>\n\n\n\n<p>Fest steht, die Arbeit in einer Berufsfeuerwehr ist sehr abwechslungsreich und verantwortungsvoll, birgt aber auch stets Gefahren f\u00fcr die eigene k\u00f6rperliche Unversehrtheit. Wir w\u00fcnschen den Kolleginnen und Kollegen der Berufsfeuerwehren, dass sie immer gesund aus den Eins\u00e4tzen zu ihren Familien und Freunden zur\u00fcckkehren! Und nat\u00fcrlich bekommt auch der Begriff &#8222;amtsangemessene Alimentation&#8220; noch einmal eine anderen Bedeutung, wenn man sich bewusst macht, was die Kolleginnen und Kollegen t\u00e4glich f\u00fcr unsere Sicherheit leisten &#8211; und diese Erkenntnis nehmen wir auf jeden Fall mit in unsere gewerkschaftliche Arbeit!<\/p>\n\n\n\n<p><\/p>\n\n\n\n<p><em>Fotos: Ulrich Stock, Petra Waitz, Ren\u00e9 Kaiser, Anke Heine, Daniel Zachow, Clarissa Thal, Katrin Dick, Dorette Seifert \/ Bildrechte: DVG LSA<\/em><\/p>\n","protected":false},"excerpt":{"rendered":"<p>Ein Tag mit der Familie und Freunden Jeder, der sich ehrenamtlich engagiert, wei\u00df um die Wichtigkeit der Unterst\u00fctzung durch die Familie und Freunde. Gemeinsame Zeit ist kostbar. Deshalb hat der Bezirk Halle als Dankesch\u00f6n an unsere Familien und Freunde einen Vormittag auf der Hauptwache der Berufsfeuerwehr Halle (Saale) organisiert. Bedanken m\u00f6chten wir uns auch bei &#8230; <a title=\"Ein Besuch auf der Hauptwache der Berufsfeuerwehr Halle (Saale) am 10.05.2025 &#8211; ein Bericht aus dem Bezirk Halle\" class=\"read-more\" href=\"https:\/\/www.dvg-lsa.de\/?p=1806\" aria-label=\"Mehr Informationen \u00fcber Ein Besuch auf der Hauptwache der Berufsfeuerwehr Halle (Saale) am 10.05.2025 &#8211; ein Bericht aus dem Bezirk Halle\">Weiterlesen<\/a><\/p>\n","protected":false},"author":19,"featured_media":1911,"comment_status":"closed","ping_status":"closed","sticky":false,"template":"","format":"standard","meta":{"footnotes":""},"categories":[3],"tags":[],"class_list":["post-1806","post","type-post","status-publish","format-standard","has-post-thumbnail","hentry","category-neuigkeiten"],"_links":{"self":[{"href":"https:\/\/www.dvg-lsa.de\/index.php?rest_route=\/wp\/v2\/posts\/1806","targetHints":{"allow":["GET"]}}],"collection":[{"href":"https:\/\/www.dvg-lsa.de\/index.php?rest_route=\/wp\/v2\/posts"}],"about":[{"href":"https:\/\/www.dvg-lsa.de\/index.php?rest_route=\/wp\/v2\/types\/post"}],"author":[{"embeddable":true,"href":"https:\/\/www.dvg-lsa.de\/index.php?rest_route=\/wp\/v2\/users\/19"}],"replies":[{"embeddable":true,"href":"https:\/\/www.dvg-lsa.de\/index.php?rest_route=%2Fwp%2Fv2%2Fcomments&post=1806"}],"version-history":[{"count":11,"href":"https:\/\/www.dvg-lsa.de\/index.php?rest_route=\/wp\/v2\/posts\/1806\/revisions"}],"predecessor-version":[{"id":1921,"href":"https:\/\/www.dvg-lsa.de\/index.php?rest_route=\/wp\/v2\/posts\/1806\/revisions\/1921"}],"wp:featuredmedia":[{"embeddable":true,"href":"https:\/\/www.dvg-lsa.de\/index.php?rest_route=\/wp\/v2\/media\/1911"}],"wp:attachment":[{"href":"https:\/\/www.dvg-lsa.de\/index.php?rest_route=%2Fwp%2Fv2%2Fmedia&parent=1806"}],"wp:term":[{"taxonomy":"category","embeddable":true,"href":"https:\/\/www.dvg-lsa.de\/index.php?rest_route=%2Fwp%2Fv2%2Fcategories&post=1806"},{"taxonomy":"post_tag","embeddable":true,"href":"https:\/\/www.dvg-lsa.de\/index.php?rest_route=%2Fwp%2Fv2%2Ftags&post=1806"}],"curies":[{"name":"wp","href":"https:\/\/api.w.org\/{rel}","templated":true}]}}