{"id":1929,"date":"2025-06-06T20:02:00","date_gmt":"2025-06-06T20:02:00","guid":{"rendered":"https:\/\/www.dvg-lsa.de\/?p=1929"},"modified":"2025-06-29T12:48:15","modified_gmt":"2025-06-29T12:48:15","slug":"1-landesjugendversammlung-am-06-06-2025-gemeinsam-fuer-die-zukunft","status":"publish","type":"post","link":"https:\/\/www.dvg-lsa.de\/?p=1929","title":{"rendered":"1. Landesjugendversammlung am 06.06.2025 &#8211; Gemeinsam f\u00fcr die Zukunft !"},"content":{"rendered":"\n<figure class=\"wp-block-image size-large\"><img loading=\"lazy\" decoding=\"async\" width=\"768\" height=\"1024\" src=\"https:\/\/www.dvg-lsa.de\/wp-content\/uploads\/2025\/06\/20250606_123209000_iOS-1-768x1024.jpg\" alt=\"\" class=\"wp-image-1930\" srcset=\"https:\/\/www.dvg-lsa.de\/wp-content\/uploads\/2025\/06\/20250606_123209000_iOS-1-768x1024.jpg 768w, https:\/\/www.dvg-lsa.de\/wp-content\/uploads\/2025\/06\/20250606_123209000_iOS-1-225x300.jpg 225w, https:\/\/www.dvg-lsa.de\/wp-content\/uploads\/2025\/06\/20250606_123209000_iOS-1-1152x1536.jpg 1152w, https:\/\/www.dvg-lsa.de\/wp-content\/uploads\/2025\/06\/20250606_123209000_iOS-1-1536x2048.jpg 1536w, https:\/\/www.dvg-lsa.de\/wp-content\/uploads\/2025\/06\/20250606_123209000_iOS-1-scaled.jpg 1920w\" sizes=\"auto, (max-width: 768px) 100vw, 768px\" \/><\/figure>\n\n\n\n<p>Am 06. Juni 2025 fand in der Gesch\u00e4ftsstelle der Deutschen Verwaltungsgewerkschaft (DVG) Sachsen-Anhalt die erste Landesjugendversammlung statt. Die Landesjugendversammlung besteht aus der Landesjugendleitung und gew\u00e4hlten Vertretern aus den Mitgliedern der Jugend. <\/p>\n\n\n\n<p>Die Landesjugendversammlung kam zusammen, um sich \u00fcber aktuelle Themen auszutauschen, gewerkschaftliche Herausforderungen zu diskutieren und die Weichen f\u00fcr eine starke Jugendvertretung zu stellen.<\/p>\n\n\n\n<p>Im Mittelpunkt standen unter anderem Fragen zur Nachwuchsgewinnung im \u00f6ffentlichen Dienst, zur Verbesserung der Ausbildungsbedingungen sowie zur aktiven Mitgestaltung gewerkschaftlicher Arbeit durch junge Besch\u00e4ftigte. Neben informativen Berichten und konstruktiven Diskussionen sorgte auch der pers\u00f6nliche Austausch f\u00fcr eine lebendige und motivierende Atmosph\u00e4re.<\/p>\n\n\n\n<p>Wir freuen uns auf die weitere Arbeit mit der Landesjugendversammlung! <\/p>\n\n\n\n<p><em>Foto: privat, Bildrechte: DVG Sachsen-Anhalt e.V.<\/em><\/p>\n","protected":false},"excerpt":{"rendered":"<p>Am 06. Juni 2025 fand in der Gesch\u00e4ftsstelle der Deutschen Verwaltungsgewerkschaft (DVG) Sachsen-Anhalt die erste Landesjugendversammlung statt. Die Landesjugendversammlung besteht aus der Landesjugendleitung und gew\u00e4hlten Vertretern aus den Mitgliedern der Jugend. Die Landesjugendversammlung kam zusammen, um sich \u00fcber aktuelle Themen auszutauschen, gewerkschaftliche Herausforderungen zu diskutieren und die Weichen f\u00fcr eine starke Jugendvertretung zu stellen. Im &#8230; <a title=\"1. Landesjugendversammlung am 06.06.2025 &#8211; Gemeinsam f\u00fcr die Zukunft !\" class=\"read-more\" href=\"https:\/\/www.dvg-lsa.de\/?p=1929\" aria-label=\"Mehr Informationen \u00fcber 1. Landesjugendversammlung am 06.06.2025 &#8211; Gemeinsam f\u00fcr die Zukunft !\">Weiterlesen<\/a><\/p>\n","protected":false},"author":32,"featured_media":1930,"comment_status":"closed","ping_status":"closed","sticky":false,"template":"","format":"standard","meta":{"footnotes":""},"categories":[23,3],"tags":[],"class_list":["post-1929","post","type-post","status-publish","format-standard","has-post-thumbnail","hentry","category-jugend","category-neuigkeiten"],"_links":{"self":[{"href":"https:\/\/www.dvg-lsa.de\/index.php?rest_route=\/wp\/v2\/posts\/1929","targetHints":{"allow":["GET"]}}],"collection":[{"href":"https:\/\/www.dvg-lsa.de\/index.php?rest_route=\/wp\/v2\/posts"}],"about":[{"href":"https:\/\/www.dvg-lsa.de\/index.php?rest_route=\/wp\/v2\/types\/post"}],"author":[{"embeddable":true,"href":"https:\/\/www.dvg-lsa.de\/index.php?rest_route=\/wp\/v2\/users\/32"}],"replies":[{"embeddable":true,"href":"https:\/\/www.dvg-lsa.de\/index.php?rest_route=%2Fwp%2Fv2%2Fcomments&post=1929"}],"version-history":[{"count":2,"href":"https:\/\/www.dvg-lsa.de\/index.php?rest_route=\/wp\/v2\/posts\/1929\/revisions"}],"predecessor-version":[{"id":1954,"href":"https:\/\/www.dvg-lsa.de\/index.php?rest_route=\/wp\/v2\/posts\/1929\/revisions\/1954"}],"wp:featuredmedia":[{"embeddable":true,"href":"https:\/\/www.dvg-lsa.de\/index.php?rest_route=\/wp\/v2\/media\/1930"}],"wp:attachment":[{"href":"https:\/\/www.dvg-lsa.de\/index.php?rest_route=%2Fwp%2Fv2%2Fmedia&parent=1929"}],"wp:term":[{"taxonomy":"category","embeddable":true,"href":"https:\/\/www.dvg-lsa.de\/index.php?rest_route=%2Fwp%2Fv2%2Fcategories&post=1929"},{"taxonomy":"post_tag","embeddable":true,"href":"https:\/\/www.dvg-lsa.de\/index.php?rest_route=%2Fwp%2Fv2%2Ftags&post=1929"}],"curies":[{"name":"wp","href":"https:\/\/api.w.org\/{rel}","templated":true}]}}