{"id":1934,"date":"2025-06-04T08:29:39","date_gmt":"2025-06-04T08:29:39","guid":{"rendered":"https:\/\/www.dvg-lsa.de\/?p=1934"},"modified":"2025-06-29T13:08:04","modified_gmt":"2025-06-29T13:08:04","slug":"verabschiedung-von-siegfried-nehring-als-tarifchef-der-dvg","status":"publish","type":"post","link":"https:\/\/www.dvg-lsa.de\/?p=1934","title":{"rendered":"Verabschiedung von Siegfried Nehring als Tarifchef der DVG"},"content":{"rendered":"\n<p>Im Rahmen der konstituierenden Sitzung der neu aufgestellten Tarifkommission der DVG Sachsen-Anhalt am 03.06.2025 wurde der bisherige Vorsitzende Siegfried Nehring verabschiedet. Kollege Nehring war seit 2006 Mitglieder der Tarifkommission und seit 2013 stand er dieser als Vorsitzender vor. In dieser Funktion vertrat er auch uns in der Bundestarifkommission der DVG.<\/p>\n\n\n\n<p>Wir danken unseren &#8222;Siggi&#8220; f\u00fcr die vielen Jahre unerm\u00fcdlichen Einsatz f\u00fcr das Tarifpersonal im Bereich TV\u00f6D und TV-L. Gleichzeitig w\u00fcnschen wir viel Spa\u00df aber auch Gesundheit im vollverdienten Ruhestand.<\/p>\n\n\n\n<p><em>Foto: privat, Bildrechte: DVG Sachsen-Anhalt e.V.<\/em><\/p>\n","protected":false},"excerpt":{"rendered":"<p>Im Rahmen der konstituierenden Sitzung der neu aufgestellten Tarifkommission der DVG Sachsen-Anhalt am 03.06.2025 wurde der bisherige Vorsitzende Siegfried Nehring verabschiedet. Kollege Nehring war seit 2006 Mitglieder der Tarifkommission und seit 2013 stand er dieser als Vorsitzender vor. In dieser Funktion vertrat er auch uns in der Bundestarifkommission der DVG. Wir danken unseren &#8222;Siggi&#8220; f\u00fcr &#8230; <a title=\"Verabschiedung von Siegfried Nehring als Tarifchef der DVG\" class=\"read-more\" href=\"https:\/\/www.dvg-lsa.de\/?p=1934\" aria-label=\"Mehr Informationen \u00fcber Verabschiedung von Siegfried Nehring als Tarifchef der DVG\">Weiterlesen<\/a><\/p>\n","protected":false},"author":3,"featured_media":1935,"comment_status":"closed","ping_status":"closed","sticky":false,"template":"","format":"standard","meta":{"footnotes":""},"categories":[3],"tags":[],"class_list":["post-1934","post","type-post","status-publish","format-standard","has-post-thumbnail","hentry","category-neuigkeiten"],"_links":{"self":[{"href":"https:\/\/www.dvg-lsa.de\/index.php?rest_route=\/wp\/v2\/posts\/1934","targetHints":{"allow":["GET"]}}],"collection":[{"href":"https:\/\/www.dvg-lsa.de\/index.php?rest_route=\/wp\/v2\/posts"}],"about":[{"href":"https:\/\/www.dvg-lsa.de\/index.php?rest_route=\/wp\/v2\/types\/post"}],"author":[{"embeddable":true,"href":"https:\/\/www.dvg-lsa.de\/index.php?rest_route=\/wp\/v2\/users\/3"}],"replies":[{"embeddable":true,"href":"https:\/\/www.dvg-lsa.de\/index.php?rest_route=%2Fwp%2Fv2%2Fcomments&post=1934"}],"version-history":[{"count":2,"href":"https:\/\/www.dvg-lsa.de\/index.php?rest_route=\/wp\/v2\/posts\/1934\/revisions"}],"predecessor-version":[{"id":1957,"href":"https:\/\/www.dvg-lsa.de\/index.php?rest_route=\/wp\/v2\/posts\/1934\/revisions\/1957"}],"wp:featuredmedia":[{"embeddable":true,"href":"https:\/\/www.dvg-lsa.de\/index.php?rest_route=\/wp\/v2\/media\/1935"}],"wp:attachment":[{"href":"https:\/\/www.dvg-lsa.de\/index.php?rest_route=%2Fwp%2Fv2%2Fmedia&parent=1934"}],"wp:term":[{"taxonomy":"category","embeddable":true,"href":"https:\/\/www.dvg-lsa.de\/index.php?rest_route=%2Fwp%2Fv2%2Fcategories&post=1934"},{"taxonomy":"post_tag","embeddable":true,"href":"https:\/\/www.dvg-lsa.de\/index.php?rest_route=%2Fwp%2Fv2%2Ftags&post=1934"}],"curies":[{"name":"wp","href":"https:\/\/api.w.org\/{rel}","templated":true}]}}