{"id":1937,"date":"2025-06-04T08:33:54","date_gmt":"2025-06-04T08:33:54","guid":{"rendered":"https:\/\/www.dvg-lsa.de\/?p=1937"},"modified":"2025-06-29T08:42:51","modified_gmt":"2025-06-29T08:42:51","slug":"tarifkommission-neu-aufgestellt","status":"publish","type":"post","link":"https:\/\/www.dvg-lsa.de\/?p=1937","title":{"rendered":"Tarifkommission neu aufgestellt"},"content":{"rendered":"\n<p>Am 03.06.2025 traf sich die durch den Hauptvorstand gew\u00e4hlte Tarifkommission um ihren Vorstand zu w\u00e4hlen. Der langj\u00e4hrige stellvertretende Vorsitzende Oliver Beinhoff wurde einstimmig zum Vorsitzenden gew\u00e4hlt. Zur Stellvertreterin wurde Andrea Hiemann wiedergew\u00e4hlt und Julio K\u00f6sters neu als weiterer Stellvertreter gew\u00e4hlt.<\/p>\n\n\n\n<p>Sodann wurde die Arbeit unverz\u00fcglich aufgenommen. Immerhin stehen die Tarifverhandlungen zum TV-L Ende des Jahres an. Damit die DVG Sachsen-Anhalt ihre Positionen sowohl in der Bundestarifkommission der DVG als auch in der Regionalkonferenz des dbb Anfang September in Leipzig vertreten kann, werden in den n\u00e4chsten Wochen die Mitglieder der DVG zu Informations- und Diskussionsrunden zur Vorbereitung der Tarifrunde eingeladen. N\u00e4heres folgt.<\/p>\n\n\n\n<p><\/p>\n","protected":false},"excerpt":{"rendered":"<p>Am 03.06.2025 traf sich die durch den Hauptvorstand gew\u00e4hlte Tarifkommission um ihren Vorstand zu w\u00e4hlen. Der langj\u00e4hrige stellvertretende Vorsitzende Oliver Beinhoff wurde einstimmig zum Vorsitzenden gew\u00e4hlt. Zur Stellvertreterin wurde Andrea Hiemann wiedergew\u00e4hlt und Julio K\u00f6sters neu als weiterer Stellvertreter gew\u00e4hlt. Sodann wurde die Arbeit unverz\u00fcglich aufgenommen. Immerhin stehen die Tarifverhandlungen zum TV-L Ende des Jahres &#8230; <a title=\"Tarifkommission neu aufgestellt\" class=\"read-more\" href=\"https:\/\/www.dvg-lsa.de\/?p=1937\" aria-label=\"Mehr Informationen \u00fcber Tarifkommission neu aufgestellt\">Weiterlesen<\/a><\/p>\n","protected":false},"author":3,"featured_media":1938,"comment_status":"closed","ping_status":"closed","sticky":false,"template":"","format":"standard","meta":{"footnotes":""},"categories":[3],"tags":[],"class_list":["post-1937","post","type-post","status-publish","format-standard","has-post-thumbnail","hentry","category-neuigkeiten"],"_links":{"self":[{"href":"https:\/\/www.dvg-lsa.de\/index.php?rest_route=\/wp\/v2\/posts\/1937","targetHints":{"allow":["GET"]}}],"collection":[{"href":"https:\/\/www.dvg-lsa.de\/index.php?rest_route=\/wp\/v2\/posts"}],"about":[{"href":"https:\/\/www.dvg-lsa.de\/index.php?rest_route=\/wp\/v2\/types\/post"}],"author":[{"embeddable":true,"href":"https:\/\/www.dvg-lsa.de\/index.php?rest_route=\/wp\/v2\/users\/3"}],"replies":[{"embeddable":true,"href":"https:\/\/www.dvg-lsa.de\/index.php?rest_route=%2Fwp%2Fv2%2Fcomments&post=1937"}],"version-history":[{"count":1,"href":"https:\/\/www.dvg-lsa.de\/index.php?rest_route=\/wp\/v2\/posts\/1937\/revisions"}],"predecessor-version":[{"id":1939,"href":"https:\/\/www.dvg-lsa.de\/index.php?rest_route=\/wp\/v2\/posts\/1937\/revisions\/1939"}],"wp:featuredmedia":[{"embeddable":true,"href":"https:\/\/www.dvg-lsa.de\/index.php?rest_route=\/wp\/v2\/media\/1938"}],"wp:attachment":[{"href":"https:\/\/www.dvg-lsa.de\/index.php?rest_route=%2Fwp%2Fv2%2Fmedia&parent=1937"}],"wp:term":[{"taxonomy":"category","embeddable":true,"href":"https:\/\/www.dvg-lsa.de\/index.php?rest_route=%2Fwp%2Fv2%2Fcategories&post=1937"},{"taxonomy":"post_tag","embeddable":true,"href":"https:\/\/www.dvg-lsa.de\/index.php?rest_route=%2Fwp%2Fv2%2Ftags&post=1937"}],"curies":[{"name":"wp","href":"https:\/\/api.w.org\/{rel}","templated":true}]}}