{"id":1969,"date":"2025-07-22T18:09:09","date_gmt":"2025-07-22T18:09:09","guid":{"rendered":"https:\/\/www.dvg-lsa.de\/?p=1969"},"modified":"2025-07-22T18:09:10","modified_gmt":"2025-07-22T18:09:10","slug":"ehrenvorsitzender-der-dvg-sachsen-anhalt-verstorben","status":"publish","type":"post","link":"https:\/\/www.dvg-lsa.de\/?p=1969","title":{"rendered":"Ehrenvorsitzender der DVG Sachsen-Anhalt verstorben"},"content":{"rendered":"\n<p>Am 07.07.2025 ist unser Ehrenvorsitzender Rolf Wagner im Alter von 81 Jahren verstorben. Wir verlieren damit einen Kollegen, der wesentlich zum Erfolg der jungen DVG Sachsen-Anhalt beigetragen hat.<\/p>\n\n\n\n<p>Nur wenige Monate nach seinem Eintritt in die DVG Sachsen-Anhalt gr\u00fcndete er am 22.09.1993 die Fachgruppe Dessau und wurde der erste Vorsitzende dieser jungen Fachgruppe. Ein Jahr sp\u00e4ter wurde er auf dem 2. Gewerkschaftstag der DVG Sachsen-Anhalt zum stellvertretenden Landesvorsitzenden gew\u00e4hlt und auf dem 3. Gewerkschaftstag am 04.03.1997 wiedergew\u00e4hlt.<\/p>\n\n\n\n<p>In seiner Zeit als stellvertretender Landesvorsitzender hat der ausgesprochene Verwaltungsfachmann auch im dbb sachsen-anhalt gewirkt. Seine Expertise war in vielen Gespr\u00e4chen des dbb mit der Landesregierung und Landespolitik gefragt. So wurde er auch zum Vorsitzenden der dbb-Kommission zur Verwaltungsreform berufen und nahm aktiv an den Tarifverhandlungen zur Besch\u00e4ftigungssicherung in der Landesverwaltung teil.<\/p>\n\n\n\n<p>Neben seiner gewerkschaftlichen Arbeit setzte er sich tagt\u00e4glich f\u00fcr die Kolleginnen und Kollegen seiner Dienststelle, dem Regierungspr\u00e4sidium Dessau, im Personalrat ein. Zuletzt auch als Vorsitzender des Personalrates.<\/p>\n\n\n\n<p>Auf dem 4. Gewerkschaftstag der DVG Sachsen-Anhalt am 25.10.2001 wurde er zum Landesvorsitzenden der DVG Sachsen-Anhalt gew\u00e4hlt. In dieser schwierigen Zeit der Neustrukturierung der allgemeinen Landesverwaltung f\u00fchrte er die DVG Sachsen-Anhalt zielsicher durch das st\u00fcrmische Meer. Auch im Bundeshauptvorstand der DVG gab er wesentliche Impulse mit der Sicht und Erfahrung des gr\u00f6\u00dften Landesverbandes in den neuen Bundesl\u00e4ndern.<\/p>\n\n\n\n<p>Im Rahmen der Umstrukturierung der Landesverwaltung wurde Kollege Rolf Wagner in den Ruhestand versetzt. Am 07.12.2005 trat er daher auf dem 5. Gewerkschaftstag der DVG Sachsen-Anhalt nicht erneut f\u00fcr ein Amt an.<\/p>\n\n\n\n<p>Der Gewerkschaftstag honorierte den unerm\u00fcdlichen Einsatz des Kollegen Rolf Wagner mit der Ernennung zum Ehrenvorsitzenden der DVG Sachsen-Anhalt.<\/p>\n\n\n\n<p>Auch nach seinem R\u00fcckzug aus dem aktiven Gewerkschaftsleben blieb er mit seiner DVG verbunden. Auf zahlreichen Veranstaltungen war er ein gern gesehener Gast, zuletzt auf dem 9. Gewerkschaftstag der DVG Sachsen-Anhalt vom 29. bis 30.10.2024 in Wernigerode.<\/p>\n\n\n\n<p>Die DVG Sachsen-Anhalt wird ihm ein ehrendes Andenken bewahren.<\/p>\n\n\n\n<p><\/p>\n\n\n\n<p><\/p>\n\n\n\n<p><\/p>\n\n\n\n<p><\/p>\n\n\n\n<p><\/p>\n\n\n\n<p><\/p>\n","protected":false},"excerpt":{"rendered":"<p>Am 07.07.2025 ist unser Ehrenvorsitzender Rolf Wagner im Alter von 81 Jahren verstorben. Wir verlieren damit einen Kollegen, der wesentlich zum Erfolg der jungen DVG Sachsen-Anhalt beigetragen hat. Nur wenige Monate nach seinem Eintritt in die DVG Sachsen-Anhalt gr\u00fcndete er am 22.09.1993 die Fachgruppe Dessau und wurde der erste Vorsitzende dieser jungen Fachgruppe. Ein Jahr &#8230; <a title=\"Ehrenvorsitzender der DVG Sachsen-Anhalt verstorben\" class=\"read-more\" href=\"https:\/\/www.dvg-lsa.de\/?p=1969\" aria-label=\"Mehr Informationen \u00fcber Ehrenvorsitzender der DVG Sachsen-Anhalt verstorben\">Weiterlesen<\/a><\/p>\n","protected":false},"author":3,"featured_media":1970,"comment_status":"closed","ping_status":"closed","sticky":false,"template":"","format":"standard","meta":{"footnotes":""},"categories":[3],"tags":[],"class_list":["post-1969","post","type-post","status-publish","format-standard","has-post-thumbnail","hentry","category-neuigkeiten"],"_links":{"self":[{"href":"https:\/\/www.dvg-lsa.de\/index.php?rest_route=\/wp\/v2\/posts\/1969","targetHints":{"allow":["GET"]}}],"collection":[{"href":"https:\/\/www.dvg-lsa.de\/index.php?rest_route=\/wp\/v2\/posts"}],"about":[{"href":"https:\/\/www.dvg-lsa.de\/index.php?rest_route=\/wp\/v2\/types\/post"}],"author":[{"embeddable":true,"href":"https:\/\/www.dvg-lsa.de\/index.php?rest_route=\/wp\/v2\/users\/3"}],"replies":[{"embeddable":true,"href":"https:\/\/www.dvg-lsa.de\/index.php?rest_route=%2Fwp%2Fv2%2Fcomments&post=1969"}],"version-history":[{"count":1,"href":"https:\/\/www.dvg-lsa.de\/index.php?rest_route=\/wp\/v2\/posts\/1969\/revisions"}],"predecessor-version":[{"id":1971,"href":"https:\/\/www.dvg-lsa.de\/index.php?rest_route=\/wp\/v2\/posts\/1969\/revisions\/1971"}],"wp:featuredmedia":[{"embeddable":true,"href":"https:\/\/www.dvg-lsa.de\/index.php?rest_route=\/wp\/v2\/media\/1970"}],"wp:attachment":[{"href":"https:\/\/www.dvg-lsa.de\/index.php?rest_route=%2Fwp%2Fv2%2Fmedia&parent=1969"}],"wp:term":[{"taxonomy":"category","embeddable":true,"href":"https:\/\/www.dvg-lsa.de\/index.php?rest_route=%2Fwp%2Fv2%2Fcategories&post=1969"},{"taxonomy":"post_tag","embeddable":true,"href":"https:\/\/www.dvg-lsa.de\/index.php?rest_route=%2Fwp%2Fv2%2Ftags&post=1969"}],"curies":[{"name":"wp","href":"https:\/\/api.w.org\/{rel}","templated":true}]}}