{"id":1978,"date":"2025-08-14T08:43:09","date_gmt":"2025-08-14T08:43:09","guid":{"rendered":"https:\/\/www.dvg-lsa.de\/?p=1978"},"modified":"2025-08-14T08:44:10","modified_gmt":"2025-08-14T08:44:10","slug":"regionalkonferenz-der-dvg-sachsen-anhalt-im-bezirk-magdeburg-am-12-08-2025","status":"publish","type":"post","link":"https:\/\/www.dvg-lsa.de\/?p=1978","title":{"rendered":"Regionalkonferenz der DVG Sachsen-Anhalt im Bezirk Magdeburg am 12.08.2025"},"content":{"rendered":"\n<p><\/p>\n\n\n\n<p>Am 12.08.2025 ab 17 Uhr gab es ein neues Format f\u00fcr die Mitglieder der DVG Sachsen-Anhalt, die Regionalkonferenz. Die Regionalkonferenz fand f\u00fcr den Bezirk Magdeburg und auch f\u00fcr Interessierte des Bezirkes Dessau im Biergarten des Magdeburger M\u00fcckenwirtes statt.<\/p>\n\n\n\n<p>Die Veranstaltung wurde von dem Vorsitzenden der Landestarifkommission, Oliver Beinhoff, sowie vom Landesvorsitzenden der DVG LSA, Ulrich Stock, geleitet.<\/p>\n\n\n\n<p>Anlass der Regionalkonferenz waren die Informationen der Tarifkommission der DVG LSA zu den Ergebnissen der Tarifverhandlungen zum Tarifvertrag f\u00fcr den \u00f6ffentlichen Dienst (TV\u00f6D) sowie die Vorbereitungen der Tarifverhandlungen zum Tarifvertrag f\u00fcr den \u00f6ffentlichen Dienst der L\u00e4nder (TV-L).<\/p>\n\n\n\n<p>So wurden 21 Teilnehmende dar\u00fcber informiert, welche Forderungen die DVG LSA, als Fachgewerkschaft der \u00f6ffentlichen Verwaltung in Sachsen-Anhalt, erarbeiten wird. Diese und die erarbeiteten Forderungen der DVG aus den anderen Bundesl\u00e4ndern werden am 17.11.2025 von der Bundestarifkommission er\u00f6rtert und entsprechend zusammengetragen. Nachdem die zusammengetragenen Forderungen hinsichtlich ihrer Machbarkeit untersucht wurden, werden unter anderem die Spitzenforderungen im Rahmen eines Entwurfes aufgestellt.<\/p>\n\n\n\n<p>F\u00fcr die anstehenden Tarifverhandlungen des TV-L wurde mitgeteilt, dass die 1. Verhandlungsrunde am 03.12.2025 beginnen soll.<\/p>\n\n\n\n<figure class=\"wp-block-image size-large is-resized\"><img loading=\"lazy\" decoding=\"async\" width=\"1024\" height=\"493\" src=\"https:\/\/www.dvg-lsa.de\/wp-content\/uploads\/2025\/08\/20250812_170924_Kopie-1024x493.jpg\" alt=\"\" class=\"wp-image-1997\" style=\"width:615px;height:auto\" srcset=\"https:\/\/www.dvg-lsa.de\/wp-content\/uploads\/2025\/08\/20250812_170924_Kopie-1024x493.jpg 1024w, https:\/\/www.dvg-lsa.de\/wp-content\/uploads\/2025\/08\/20250812_170924_Kopie-300x145.jpg 300w, https:\/\/www.dvg-lsa.de\/wp-content\/uploads\/2025\/08\/20250812_170924_Kopie-768x370.jpg 768w, https:\/\/www.dvg-lsa.de\/wp-content\/uploads\/2025\/08\/20250812_170924_Kopie-1536x740.jpg 1536w, https:\/\/www.dvg-lsa.de\/wp-content\/uploads\/2025\/08\/20250812_170924_Kopie-2048x987.jpg 2048w\" sizes=\"auto, (max-width: 1024px) 100vw, 1024px\" \/><figcaption class=\"wp-element-caption\"><sup>Oliver Beinhoff (Vorsitzender der Landestarifkommission) er\u00f6ffnet die Veranstaltung.<\/sup><\/figcaption><\/figure>\n\n\n\n<p>Von dem Vorsitzenden der Landestarifkommission der DVG LSA wurden au\u00dferdem die Unterschiede der Ergebnisse des TV\u00f6D in Bezug zu dem TV-L anhand verschiedener Faktoren, u.a. von der w\u00f6chentlichen Arbeitszeit; der Tabellenentgelte bis hin zur fehlenden leistungsorientierten Bezahlung (sog. LOB), aufgezeigt. Im Anschluss dessen wurden bei strahlendem Sonnenschein und k\u00fchlen Getr\u00e4nken erste Ideen zu den Forderungen der Landestarifkommission vorgestellt und durch die anwesenden Teilnehmenden erg\u00e4nzt.<\/p>\n\n\n\n<p>Insgesamt wurde die Regionalkonferenz im Bezirk Magdeburg sehr positiv angenommen und stie\u00df bei den Anwesenden auf gro\u00dfe Zustimmung. Die Regionalkonferenz f\u00fcr den Bezirk Halle und f\u00fcr Interessierte des Bezirkes Dessau findet am 20.08.2025 im Planetarium Halle statt.<\/p>\n\n\n\n<p><em>Fotos: DVG Sachsen-Anhalt e.V.<\/em><\/p>\n\n\n\n<p><\/p>\n","protected":false},"excerpt":{"rendered":"<p>Am 12.08.2025 ab 17 Uhr gab es ein neues Format f\u00fcr die Mitglieder der DVG Sachsen-Anhalt, die Regionalkonferenz. Die Regionalkonferenz fand f\u00fcr den Bezirk Magdeburg und auch f\u00fcr Interessierte des Bezirkes Dessau im Biergarten des Magdeburger M\u00fcckenwirtes statt. Die Veranstaltung wurde von dem Vorsitzenden der Landestarifkommission, Oliver Beinhoff, sowie vom Landesvorsitzenden der DVG LSA, Ulrich &#8230; <a title=\"Regionalkonferenz der DVG Sachsen-Anhalt im Bezirk Magdeburg am 12.08.2025\" class=\"read-more\" href=\"https:\/\/www.dvg-lsa.de\/?p=1978\" aria-label=\"Mehr Informationen \u00fcber Regionalkonferenz der DVG Sachsen-Anhalt im Bezirk Magdeburg am 12.08.2025\">Weiterlesen<\/a><\/p>\n","protected":false},"author":43,"featured_media":1987,"comment_status":"closed","ping_status":"closed","sticky":false,"template":"","format":"standard","meta":{"footnotes":""},"categories":[3,5],"tags":[29,30,25,26,28,27],"class_list":["post-1978","post","type-post","status-publish","format-standard","has-post-thumbnail","hentry","category-neuigkeiten","category-tarifkommission","tag-bezirk-magdeburg","tag-dvg-lsa","tag-regionalkonferenz","tag-tarifkommission","tag-tv-l","tag-tvoed"],"_links":{"self":[{"href":"https:\/\/www.dvg-lsa.de\/index.php?rest_route=\/wp\/v2\/posts\/1978","targetHints":{"allow":["GET"]}}],"collection":[{"href":"https:\/\/www.dvg-lsa.de\/index.php?rest_route=\/wp\/v2\/posts"}],"about":[{"href":"https:\/\/www.dvg-lsa.de\/index.php?rest_route=\/wp\/v2\/types\/post"}],"author":[{"embeddable":true,"href":"https:\/\/www.dvg-lsa.de\/index.php?rest_route=\/wp\/v2\/users\/43"}],"replies":[{"embeddable":true,"href":"https:\/\/www.dvg-lsa.de\/index.php?rest_route=%2Fwp%2Fv2%2Fcomments&post=1978"}],"version-history":[{"count":26,"href":"https:\/\/www.dvg-lsa.de\/index.php?rest_route=\/wp\/v2\/posts\/1978\/revisions"}],"predecessor-version":[{"id":2015,"href":"https:\/\/www.dvg-lsa.de\/index.php?rest_route=\/wp\/v2\/posts\/1978\/revisions\/2015"}],"wp:featuredmedia":[{"embeddable":true,"href":"https:\/\/www.dvg-lsa.de\/index.php?rest_route=\/wp\/v2\/media\/1987"}],"wp:attachment":[{"href":"https:\/\/www.dvg-lsa.de\/index.php?rest_route=%2Fwp%2Fv2%2Fmedia&parent=1978"}],"wp:term":[{"taxonomy":"category","embeddable":true,"href":"https:\/\/www.dvg-lsa.de\/index.php?rest_route=%2Fwp%2Fv2%2Fcategories&post=1978"},{"taxonomy":"post_tag","embeddable":true,"href":"https:\/\/www.dvg-lsa.de\/index.php?rest_route=%2Fwp%2Fv2%2Ftags&post=1978"}],"curies":[{"name":"wp","href":"https:\/\/api.w.org\/{rel}","templated":true}]}}