{"id":2030,"date":"2025-10-17T11:47:55","date_gmt":"2025-10-17T11:47:55","guid":{"rendered":"https:\/\/www.dvg-lsa.de\/?p=2030"},"modified":"2025-10-18T20:53:00","modified_gmt":"2025-10-18T20:53:00","slug":"verabschiedung-von-karl-heinz-bock-als-dvg-bezirksvorsitzender-dessau","status":"publish","type":"post","link":"https:\/\/www.dvg-lsa.de\/?p=2030","title":{"rendered":"Verabschiedung von Karl-Heinz Bock als DVG Bezirksvorsitzender Dessau"},"content":{"rendered":"\n<h2 class=\"wp-block-heading\"><br>Verabschiedung von Karl-Heinz Bock als DVG Bezirksvorsitzender Dessau<\/h2>\n\n\n\n<p>Im Rahmen der Mitgliederversammlung der DVG-LSA Bezirk Dessau am 07.10.2025 im Landesarchiv in Dessau wurde der langj\u00e4hrige Bezirksvorsitzende Dessau Karl-Heinz Bock vom DVG Vorstand verabschiedet. Kollege Bock bleibt der DVG Sachsen-Anhalt auch weiterhin als aktives Mitglied in neuer Funktion als Vorsitzender der Landesseniorenvertretung treu.<\/p>\n\n\n\n<p>Gleiches trifft auch auf den stellvertretenden Bezirksvorsitzenden des Bezirkes Dessau Dirk G\u00f6dde zu. Auch er bleibt in der DVG Sachsen-Anhalt aktiv in seiner neuen Funktion als stellvertretender Landesseniorenvorsitzender.<\/p>\n\n\n\n<p>F\u00fcr beide nochmals unsere herzlichen Gl\u00fcckw\u00fcnsche zur Wahl in das neue Amt.<\/p>\n\n\n\n<p>Wir bedanken uns bei Beiden f\u00fcr die vielen Jahre aktiver Gewerkschaftsarbeit im Bezirk Dessau und w\u00fcnschen euch viel Erfolg f\u00fcr die neuen Herausforderungen und auch weiterhin viel Gesundheit.<\/p>\n\n\n\n<p><em>Foto: privat, Bildrechte: DVG Sachsen-Anhalt e.V.<\/em><\/p>\n","protected":false},"excerpt":{"rendered":"<p>Verabschiedung von Karl-Heinz Bock als DVG Bezirksvorsitzender Dessau Im Rahmen der Mitgliederversammlung der DVG-LSA Bezirk Dessau am 07.10.2025 im Landesarchiv in Dessau wurde der langj\u00e4hrige Bezirksvorsitzende Dessau Karl-Heinz Bock vom DVG Vorstand verabschiedet. Kollege Bock bleibt der DVG Sachsen-Anhalt auch weiterhin als aktives Mitglied in neuer Funktion als Vorsitzender der Landesseniorenvertretung treu. Gleiches trifft auch &#8230; <a title=\"Verabschiedung von Karl-Heinz Bock als DVG Bezirksvorsitzender Dessau\" class=\"read-more\" href=\"https:\/\/www.dvg-lsa.de\/?p=2030\" aria-label=\"Mehr Informationen \u00fcber Verabschiedung von Karl-Heinz Bock als DVG Bezirksvorsitzender Dessau\">Weiterlesen<\/a><\/p>\n","protected":false},"author":50,"featured_media":2031,"comment_status":"closed","ping_status":"closed","sticky":false,"template":"","format":"standard","meta":{"footnotes":""},"categories":[3],"tags":[],"class_list":["post-2030","post","type-post","status-publish","format-standard","has-post-thumbnail","hentry","category-neuigkeiten"],"_links":{"self":[{"href":"https:\/\/www.dvg-lsa.de\/index.php?rest_route=\/wp\/v2\/posts\/2030","targetHints":{"allow":["GET"]}}],"collection":[{"href":"https:\/\/www.dvg-lsa.de\/index.php?rest_route=\/wp\/v2\/posts"}],"about":[{"href":"https:\/\/www.dvg-lsa.de\/index.php?rest_route=\/wp\/v2\/types\/post"}],"author":[{"embeddable":true,"href":"https:\/\/www.dvg-lsa.de\/index.php?rest_route=\/wp\/v2\/users\/50"}],"replies":[{"embeddable":true,"href":"https:\/\/www.dvg-lsa.de\/index.php?rest_route=%2Fwp%2Fv2%2Fcomments&post=2030"}],"version-history":[{"count":2,"href":"https:\/\/www.dvg-lsa.de\/index.php?rest_route=\/wp\/v2\/posts\/2030\/revisions"}],"predecessor-version":[{"id":2043,"href":"https:\/\/www.dvg-lsa.de\/index.php?rest_route=\/wp\/v2\/posts\/2030\/revisions\/2043"}],"wp:featuredmedia":[{"embeddable":true,"href":"https:\/\/www.dvg-lsa.de\/index.php?rest_route=\/wp\/v2\/media\/2031"}],"wp:attachment":[{"href":"https:\/\/www.dvg-lsa.de\/index.php?rest_route=%2Fwp%2Fv2%2Fmedia&parent=2030"}],"wp:term":[{"taxonomy":"category","embeddable":true,"href":"https:\/\/www.dvg-lsa.de\/index.php?rest_route=%2Fwp%2Fv2%2Fcategories&post=2030"},{"taxonomy":"post_tag","embeddable":true,"href":"https:\/\/www.dvg-lsa.de\/index.php?rest_route=%2Fwp%2Fv2%2Ftags&post=2030"}],"curies":[{"name":"wp","href":"https:\/\/api.w.org\/{rel}","templated":true}]}}