{"id":2034,"date":"2025-10-17T11:48:27","date_gmt":"2025-10-17T11:48:27","guid":{"rendered":"https:\/\/www.dvg-lsa.de\/?p=2034"},"modified":"2025-10-18T20:52:44","modified_gmt":"2025-10-18T20:52:44","slug":"mitgliederversammlung-der-dvg-im-bezirk-dessau","status":"publish","type":"post","link":"https:\/\/www.dvg-lsa.de\/?p=2034","title":{"rendered":"Mitgliederversammlung der DVG im Bezirk Dessau"},"content":{"rendered":"\n<h2 class=\"wp-block-heading\"><br>Mitgliederversammlung der DVG im Bezirk Dessau<\/h2>\n\n\n\n<p>Am 07.10.2025 fand die Mitgliederversammlung der DVG-LSA Bezirk Dessau im Landesarchiv in Dessau statt. In den historischen R\u00e4umen des Landesarchivs kamen die Mitglieder zusammen, um \u00fcber aktuelle gewerkschaftliche Themen zu beraten und wichtige personelle Entscheidungen zu treffen.<\/p>\n\n\n\n<p>Neben einem kurzen R\u00fcckblick auf die vergangenen Monate und einigen Ausf\u00fchrungen des Landesvorsitzenden Herrn Ulrich Stock stand die Nachwahl mehrerer Vorstandsmitglieder auf der Tagesordnung. Die neuen Vorstandsmitglieder wurden einstimmig gew\u00e4hlt und \u00fcbernehmen ab sofort ihre Aufgaben im Bezirksvorstand der sich zusammensetzt aus:<\/p>\n\n\n\n<p>Vorsitzende:  Heike Scharbrodt,<\/p>\n\n\n\n<p>stellvertretende Vorsitzende:  Anett Baltz und Andreas Szczes<\/p>\n\n\n\n<p>und die Beisitzer:  Katrin Mei\u00dfgeier, Antje Jarsetz und Frank Giesemann<\/p>\n\n\n\n<p>Das Landesarchiv bot mit seiner besonderen Atmosph\u00e4re einen passenden Rahmen f\u00fcr die Veranstaltung, die nicht nur dem Austausch unter den Gewerkschaftsmitgliedern diente, sondern auch zur Vernetzung der Mitglieder untereinander beigetragen hat. Die anschlie\u00dfende F\u00fchrung durch die historischen R\u00e4ume mit den vielf\u00e4ltigen und historisch wertvollen Archivalien war sehr kurzweilig und informativ. Von Dokumenten aus der Feder von Martin Luther \u00fcber historisches Kartenmaterial bis zu Schriftverkehr aus der Anfangszeit der gewerkschaftlichen Arbeit war f\u00fcr uns einiges sichtbar. Daf\u00fcr nochmals ein herzliches Dankesch\u00f6n an die Mitarbeiterin des Archivs.<\/p>\n\n\n\n<p>Wir bedanken uns bei allen Teilnehmenden f\u00fcr ihr Engagement und w\u00fcnschen den neu gew\u00e4hlten Vorstandsmitgliedern viel Erfolg in ihrer Arbeit.<\/p>\n\n\n\n<p><em>Foto: privat, Bildrechte: DVG Sachsen-Anhalt e.V.<\/em><\/p>\n\n\n\n<figure class=\"wp-block-image size-large\"><img loading=\"lazy\" decoding=\"async\" width=\"1024\" height=\"768\" src=\"https:\/\/www.dvg-lsa.de\/wp-content\/uploads\/2025\/10\/20251007_183744-1024x768.jpg\" alt=\"\" class=\"wp-image-2036\" srcset=\"https:\/\/www.dvg-lsa.de\/wp-content\/uploads\/2025\/10\/20251007_183744-1024x768.jpg 1024w, https:\/\/www.dvg-lsa.de\/wp-content\/uploads\/2025\/10\/20251007_183744-300x225.jpg 300w, https:\/\/www.dvg-lsa.de\/wp-content\/uploads\/2025\/10\/20251007_183744-768x576.jpg 768w, https:\/\/www.dvg-lsa.de\/wp-content\/uploads\/2025\/10\/20251007_183744-1536x1152.jpg 1536w, https:\/\/www.dvg-lsa.de\/wp-content\/uploads\/2025\/10\/20251007_183744-2048x1536.jpg 2048w\" sizes=\"auto, (max-width: 1024px) 100vw, 1024px\" \/><\/figure>\n","protected":false},"excerpt":{"rendered":"<p>Mitgliederversammlung der DVG im Bezirk Dessau Am 07.10.2025 fand die Mitgliederversammlung der DVG-LSA Bezirk Dessau im Landesarchiv in Dessau statt. In den historischen R\u00e4umen des Landesarchivs kamen die Mitglieder zusammen, um \u00fcber aktuelle gewerkschaftliche Themen zu beraten und wichtige personelle Entscheidungen zu treffen. Neben einem kurzen R\u00fcckblick auf die vergangenen Monate und einigen Ausf\u00fchrungen des &#8230; <a title=\"Mitgliederversammlung der DVG im Bezirk Dessau\" class=\"read-more\" href=\"https:\/\/www.dvg-lsa.de\/?p=2034\" aria-label=\"Mehr Informationen \u00fcber Mitgliederversammlung der DVG im Bezirk Dessau\">Weiterlesen<\/a><\/p>\n","protected":false},"author":50,"featured_media":2035,"comment_status":"closed","ping_status":"closed","sticky":false,"template":"","format":"standard","meta":{"footnotes":""},"categories":[3],"tags":[],"class_list":["post-2034","post","type-post","status-publish","format-standard","has-post-thumbnail","hentry","category-neuigkeiten"],"_links":{"self":[{"href":"https:\/\/www.dvg-lsa.de\/index.php?rest_route=\/wp\/v2\/posts\/2034","targetHints":{"allow":["GET"]}}],"collection":[{"href":"https:\/\/www.dvg-lsa.de\/index.php?rest_route=\/wp\/v2\/posts"}],"about":[{"href":"https:\/\/www.dvg-lsa.de\/index.php?rest_route=\/wp\/v2\/types\/post"}],"author":[{"embeddable":true,"href":"https:\/\/www.dvg-lsa.de\/index.php?rest_route=\/wp\/v2\/users\/50"}],"replies":[{"embeddable":true,"href":"https:\/\/www.dvg-lsa.de\/index.php?rest_route=%2Fwp%2Fv2%2Fcomments&post=2034"}],"version-history":[{"count":2,"href":"https:\/\/www.dvg-lsa.de\/index.php?rest_route=\/wp\/v2\/posts\/2034\/revisions"}],"predecessor-version":[{"id":2044,"href":"https:\/\/www.dvg-lsa.de\/index.php?rest_route=\/wp\/v2\/posts\/2034\/revisions\/2044"}],"wp:featuredmedia":[{"embeddable":true,"href":"https:\/\/www.dvg-lsa.de\/index.php?rest_route=\/wp\/v2\/media\/2035"}],"wp:attachment":[{"href":"https:\/\/www.dvg-lsa.de\/index.php?rest_route=%2Fwp%2Fv2%2Fmedia&parent=2034"}],"wp:term":[{"taxonomy":"category","embeddable":true,"href":"https:\/\/www.dvg-lsa.de\/index.php?rest_route=%2Fwp%2Fv2%2Fcategories&post=2034"},{"taxonomy":"post_tag","embeddable":true,"href":"https:\/\/www.dvg-lsa.de\/index.php?rest_route=%2Fwp%2Fv2%2Ftags&post=2034"}],"curies":[{"name":"wp","href":"https:\/\/api.w.org\/{rel}","templated":true}]}}