{"id":2286,"date":"2026-08-28T09:01:01","date_gmt":"2026-08-28T09:01:01","guid":{"rendered":"https:\/\/www.dvg-lsa.de\/?p=2286"},"modified":"2026-09-06T09:06:02","modified_gmt":"2026-09-06T09:06:02","slug":"35-jahre-dbb-sachsen-anhalt","status":"publish","type":"post","link":"https:\/\/www.dvg-lsa.de\/?p=2286","title":{"rendered":"35 Jahre dbb sachsen-anhalt"},"content":{"rendered":"\n<p class=\"wp-block-paragraph\">Am 27. April 1991 fand der Gr\u00fcndungsgewerkschaftstag des dbb sachsen-anhalt in Magdeburg statt. Auch Delegierte der sich noch in Gr\u00fcndung befindenden DVG Sachsen-Anhalt nahmen an diesem teil. Am 12. Oktober 1991 erfolgte dann auch die vereinsrechtliche Gr\u00fcndung der DVG Sachsen-Anhalt.<\/p>\n\n\n\n<p class=\"wp-block-paragraph\">35 Jahre sp\u00e4ter geh\u00f6rt die DVG Sachsen-Anhalt mit zu den aktivsten Mitgliedsgewerkschaften im dbb sachsen-anhalt. Dementsprechend waren auch zahlreichend Teilnehmenden der DVG an der Jubil\u00e4umsveranstaltung in der Festung Mark in Magdeburg vor Ort.<\/p>\n\n\n\n<figure class=\"wp-block-image size-large\"><img loading=\"lazy\" decoding=\"async\" width=\"1024\" height=\"683\" src=\"https:\/\/www.dvg-lsa.de\/wp-content\/uploads\/2026\/09\/DSCF5319-1024x683.jpg\" alt=\"\" class=\"wp-image-2288\" srcset=\"https:\/\/www.dvg-lsa.de\/wp-content\/uploads\/2026\/09\/DSCF5319-1024x683.jpg 1024w, https:\/\/www.dvg-lsa.de\/wp-content\/uploads\/2026\/09\/DSCF5319-300x200.jpg 300w, https:\/\/www.dvg-lsa.de\/wp-content\/uploads\/2026\/09\/DSCF5319-768x512.jpg 768w, https:\/\/www.dvg-lsa.de\/wp-content\/uploads\/2026\/09\/DSCF5319-1536x1024.jpg 1536w, https:\/\/www.dvg-lsa.de\/wp-content\/uploads\/2026\/09\/DSCF5319-2048x1365-1.jpg 2048w\" sizes=\"auto, (max-width: 1024px) 100vw, 1024px\" \/><\/figure>\n\n\n\n<p class=\"wp-block-paragraph\">Auch zahlreiche G\u00e4ste aus der dbb-Familie und der Politik waren vor Ort. Eine hervorragende M\u00f6glichkeit f\u00fcr alle Teilnehmenden der DVG zum Netzwerken.<\/p>\n\n\n\n<figure class=\"wp-block-gallery has-nested-images columns-default is-cropped wp-block-gallery-1 is-layout-flex wp-block-gallery-is-layout-flex\">\n<figure class=\"wp-block-image size-large\"><img loading=\"lazy\" decoding=\"async\" width=\"683\" height=\"1024\" data-id=\"2290\" src=\"https:\/\/www.dvg-lsa.de\/wp-content\/uploads\/2026\/09\/DSCF5100-1-683x1024.jpg\" alt=\"\" class=\"wp-image-2290\" srcset=\"https:\/\/www.dvg-lsa.de\/wp-content\/uploads\/2026\/09\/DSCF5100-1-683x1024.jpg 683w, https:\/\/www.dvg-lsa.de\/wp-content\/uploads\/2026\/09\/DSCF5100-1-200x300.jpg 200w, https:\/\/www.dvg-lsa.de\/wp-content\/uploads\/2026\/09\/DSCF5100-1-768x1152.jpg 768w, https:\/\/www.dvg-lsa.de\/wp-content\/uploads\/2026\/09\/DSCF5100-1-1024x1536.jpg 1024w, https:\/\/www.dvg-lsa.de\/wp-content\/uploads\/2026\/09\/DSCF5100-1-1365x2048.jpg 1365w, https:\/\/www.dvg-lsa.de\/wp-content\/uploads\/2026\/09\/DSCF5100-1-scaled.jpg 1707w\" sizes=\"auto, (max-width: 683px) 100vw, 683px\" \/><\/figure>\n\n\n\n<figure class=\"wp-block-image size-large\"><img loading=\"lazy\" decoding=\"async\" width=\"1024\" height=\"683\" data-id=\"2291\" src=\"https:\/\/www.dvg-lsa.de\/wp-content\/uploads\/2026\/09\/DSCF4356-1024x683.jpg\" alt=\"\" class=\"wp-image-2291\" srcset=\"https:\/\/www.dvg-lsa.de\/wp-content\/uploads\/2026\/09\/DSCF4356-1024x683.jpg 1024w, https:\/\/www.dvg-lsa.de\/wp-content\/uploads\/2026\/09\/DSCF4356-300x200.jpg 300w, https:\/\/www.dvg-lsa.de\/wp-content\/uploads\/2026\/09\/DSCF4356-768x512.jpg 768w, https:\/\/www.dvg-lsa.de\/wp-content\/uploads\/2026\/09\/DSCF4356-1536x1024.jpg 1536w, https:\/\/www.dvg-lsa.de\/wp-content\/uploads\/2026\/09\/DSCF4356-2048x1365.jpg 2048w\" sizes=\"auto, (max-width: 1024px) 100vw, 1024px\" \/><\/figure>\n\n\n<\/figure>\n\n\n\n<p class=\"wp-block-paragraph\">Bildrechte dbb sachsen-anhalt Fotos Paul Beermann<\/p>\n\n\n\n<p class=\"wp-block-paragraph\">Weitere Fotos folgen noch.<\/p>\n","protected":false},"excerpt":{"rendered":"<p>Am 27. April 1991 fand der Gr\u00fcndungsgewerkschaftstag des dbb sachsen-anhalt in Magdeburg statt. Auch Delegierte der sich noch in Gr\u00fcndung befindenden DVG Sachsen-Anhalt nahmen an diesem teil. Am 12. Oktober 1991 erfolgte dann auch die vereinsrechtliche Gr\u00fcndung der DVG Sachsen-Anhalt. 35 Jahre sp\u00e4ter geh\u00f6rt die DVG Sachsen-Anhalt mit zu den aktivsten Mitgliedsgewerkschaften im dbb sachsen-anhalt. &#8230; <a title=\"35 Jahre dbb sachsen-anhalt\" class=\"read-more\" href=\"https:\/\/www.dvg-lsa.de\/?p=2286\" aria-label=\"Mehr Informationen \u00fcber 35 Jahre dbb sachsen-anhalt\">Weiterlesen<\/a><\/p>\n","protected":false},"author":3,"featured_media":2294,"comment_status":"closed","ping_status":"closed","sticky":false,"template":"","format":"standard","meta":{"footnotes":""},"categories":[3],"tags":[],"class_list":["post-2286","post","type-post","status-publish","format-standard","has-post-thumbnail","hentry","category-neuigkeiten"],"_links":{"self":[{"href":"https:\/\/www.dvg-lsa.de\/index.php?rest_route=\/wp\/v2\/posts\/2286","targetHints":{"allow":["GET"]}}],"collection":[{"href":"https:\/\/www.dvg-lsa.de\/index.php?rest_route=\/wp\/v2\/posts"}],"about":[{"href":"https:\/\/www.dvg-lsa.de\/index.php?rest_route=\/wp\/v2\/types\/post"}],"author":[{"embeddable":true,"href":"https:\/\/www.dvg-lsa.de\/index.php?rest_route=\/wp\/v2\/users\/3"}],"replies":[{"embeddable":true,"href":"https:\/\/www.dvg-lsa.de\/index.php?rest_route=%2Fwp%2Fv2%2Fcomments&post=2286"}],"version-history":[{"count":2,"href":"https:\/\/www.dvg-lsa.de\/index.php?rest_route=\/wp\/v2\/posts\/2286\/revisions"}],"predecessor-version":[{"id":2293,"href":"https:\/\/www.dvg-lsa.de\/index.php?rest_route=\/wp\/v2\/posts\/2286\/revisions\/2293"}],"wp:featuredmedia":[{"embeddable":true,"href":"https:\/\/www.dvg-lsa.de\/index.php?rest_route=\/wp\/v2\/media\/2294"}],"wp:attachment":[{"href":"https:\/\/www.dvg-lsa.de\/index.php?rest_route=%2Fwp%2Fv2%2Fmedia&parent=2286"}],"wp:term":[{"taxonomy":"category","embeddable":true,"href":"https:\/\/www.dvg-lsa.de\/index.php?rest_route=%2Fwp%2Fv2%2Fcategories&post=2286"},{"taxonomy":"post_tag","embeddable":true,"href":"https:\/\/www.dvg-lsa.de\/index.php?rest_route=%2Fwp%2Fv2%2Ftags&post=2286"}],"curies":[{"name":"wp","href":"https:\/\/api.w.org\/{rel}","templated":true}]}}